{"id":996,"date":"2020-12-05T17:15:52","date_gmt":"2020-12-05T16:15:52","guid":{"rendered":"https:\/\/develop.immobilienbusiness.ch\/de\/allgemein\/2020-12-05\/zurich-flughafen-zurich-halt-an-investitionsplanen-fest\/"},"modified":"2020-12-05T17:15:52","modified_gmt":"2020-12-05T16:15:52","slug":"zurich-flughafen-zurich-halt-an-investitionsplanen-fest","status":"publish","type":"post","link":"https:\/\/develop.immobilienbusiness.ch\/it\/ib\/2020-12-05\/zurich-flughafen-zurich-halt-an-investitionsplanen-fest\/","title":{"rendered":"Z\u00fcrich:  Flughafen Z\u00fcrich h\u00e4lt an Investitionspl\u00e4nen fest"},"content":{"rendered":"<p><span><span>Ende 2019 stand die Flughafen Z\u00fcrich AG aus betriebswirtschaftlicher Sicht sehr gut da. Wie aus dem vom Z\u00fcrcher Regierungsrat j\u00fcngst verabschiedeten Flughafenbericht 2020 hervorgeht, verzeichnete der Z\u00fcrcher Flughafen im vergangenen Jahr 31,5 Millionen Passagiere \u2013 ein neuer Spitzenwert. <\/span><\/span><\/p>\n<p><span><span>Allerdings mussten die Flughafen Z\u00fcrich AG und Swiss aufgrund der Corona-Pandemie Kurzarbeit einf\u00fchren und mit verschiedenen Massnahmen die Liquidit\u00e4t sichern, um die Krise unternehmerisch zu bew\u00e4ltigen. Volkswirtschaftsdirektorin Carmen Walker Sp\u00e4h, Stephan Widrig, CEO der Flughafen Z\u00fcrich AG und der CEO von Swiss, Thomas Kl\u00fchr, betonen in einer Mitteilung, wie wichtig der Landesflughafen Z\u00fcrich und die Flugbranche f\u00fcr den Wirtschaftsstandort Schweiz ist. <\/span><\/span><\/p>\n<p><span><span>Obwohl es von April bis Juni 2020 im Reiseflugverkehr beinahe zu einem Stillstand kann, blieb der Flughafen immer offen und in Betrieb, um die Infrastruktur f\u00fcr Fracht-, Repatriierungs- und Ambulanzfl\u00fcge aufrecht zu erhalten. \u00abDer Flughafen Z\u00fcrich und Swiss haben einen grossen Beitrag zur Bew\u00e4ltigung der Krise geleistet. Nun braucht es aber wieder mehr Planungssicherheit und Perspektiven f\u00fcr die Luftfahrtunternehmen, damit diese weiterhin die entscheidende internationale Anbindung der Schweiz sicherstellen k\u00f6nnen\u00bb, sagt Volkswirtschaftsdirektorin Walker Sp\u00e4h.<\/span><\/span><\/p>\n<p><span><span>Wie der Regierungsrat in seiner Mitteilung festh\u00e4lt, hat die Corona-Pandemie hat die internationale Luftfahrt in \u00abdie tiefste Krise seit ihrem Bestehen gest\u00fcrzt\u00bb; nach der ersten Corona-Welle im Fr\u00fchling leiden der Flughafen und Swiss nun unter der zweiten Welle. Swiss-CEO Thoma Kl\u00fchr zufolge macht die Swiss derzeit t\u00e4glich einen Verlust von 1,5 bis 2 Mio. CHF; die relativ hohe Nachfrage im Cargo-Bereich k\u00f6nne den Einbruch im Passagierverkehr nicht kompensieren. Auch die Verluste des Flughafen Z\u00fcrich belaufen sich aktuell auf mehr als 1 Mio. CHF pro Tag. Flughafenchef Widrig zufolge konnte der Flughafen die Krise bisher aus eigener Kraft meistern; es sei auch nicht beabsichtigt, staatliche Unterst\u00fctzung zu beantragen. An seinen Investitionspl\u00e4nen werde der Flughafen festhalten, erkl\u00e4rte Widrig; er gehe davon aus, dass sich das Nachfragewachstum aufgrund der Covid-19-Pandemie und ca. 5 bis 10 Jahre nach hinten verlagern werde.<\/span><\/span><\/p>","protected":false},"excerpt":{"rendered":"<p><span><span>Die Flughafen Z\u00fcrich AG h\u00e4lt trotz der Covid-19-Pandemie an ihren Investitionspl\u00e4nen fest. Man geht davon aus, dass sich das Nachfragewachstum aufgrund der Covid-19-Pandemie um circa 5 bis 10 Jahre verz\u00f6gern wird.<\/span><\/span><\/p>","protected":false},"author":24,"featured_media":0,"comment_status":"closed","ping_status":"closed","sticky":false,"template":"","format":"standard","meta":{"_acf_changed":false,"footnotes":""},"categories":[5],"tags":[62],"class_list":["post-996","post","type-post","status-publish","format-standard","hentry","category-ib","tag-infrastruktur"],"acf":[],"_links":{"self":[{"href":"https:\/\/develop.immobilienbusiness.ch\/it\/wp-json\/wp\/v2\/posts\/996","targetHints":{"allow":["GET"]}}],"collection":[{"href":"https:\/\/develop.immobilienbusiness.ch\/it\/wp-json\/wp\/v2\/posts"}],"about":[{"href":"https:\/\/develop.immobilienbusiness.ch\/it\/wp-json\/wp\/v2\/types\/post"}],"author":[{"embeddable":true,"href":"https:\/\/develop.immobilienbusiness.ch\/it\/wp-json\/wp\/v2\/users\/24"}],"replies":[{"embeddable":true,"href":"https:\/\/develop.immobilienbusiness.ch\/it\/wp-json\/wp\/v2\/comments?post=996"}],"version-history":[{"count":0,"href":"https:\/\/develop.immobilienbusiness.ch\/it\/wp-json\/wp\/v2\/posts\/996\/revisions"}],"wp:attachment":[{"href":"https:\/\/develop.immobilienbusiness.ch\/it\/wp-json\/wp\/v2\/media?parent=996"}],"wp:term":[{"taxonomy":"category","embeddable":true,"href":"https:\/\/develop.immobilienbusiness.ch\/it\/wp-json\/wp\/v2\/categories?post=996"},{"taxonomy":"post_tag","embeddable":true,"href":"https:\/\/develop.immobilienbusiness.ch\/it\/wp-json\/wp\/v2\/tags?post=996"}],"curies":[{"name":"wp","href":"https:\/\/api.w.org\/{rel}","templated":true}]}}