{"id":993,"date":"2020-12-05T16:40:10","date_gmt":"2020-12-05T15:40:10","guid":{"rendered":"https:\/\/develop.immobilienbusiness.ch\/de\/allgemein\/2020-12-05\/mobimo-daniel-ducrey-ubernimmt-im-fruhjahr-das-ruder\/"},"modified":"2020-12-05T16:40:10","modified_gmt":"2020-12-05T15:40:10","slug":"mobimo-daniel-ducrey-ubernimmt-im-fruhjahr-das-ruder","status":"publish","type":"post","link":"https:\/\/develop.immobilienbusiness.ch\/it\/ib\/2020-12-05\/mobimo-daniel-ducrey-ubernimmt-im-fruhjahr-das-ruder\/","title":{"rendered":"Mobimo: Daniel Ducrey \u00fcbernimmt im Fr\u00fchjahr das Ruder"},"content":{"rendered":"<p>Der Verwaltungsrat der Mobimo Holding AG hat Daniel Ducrey (54) zum neuen CEO der Mobimo\u00a0ernannt. Er werde am 1. M\u00e4rz 2019 in das Unternehmen eintreten und solle sich zun\u00e4chst einarbeiten, teilt Mobimo mit. Die CEO-Funktion werde er am Tag nach der Generalversammlung vom 2. April 2019 \u00fcbernehmen. Sein Vorg\u00e4nger, der langj\u00e4hrige CEO Christoph Caviezel,\u00a0 wird zur Wahl in den Verwaltungsrat vorgeschlagen.<\/p>\n<p>In einem umfassenden Selektionsprozess sei der Verwaltungsrat zum Schluss gekommen, dass Ducrey \u00abaufgrund seiner \u00fcberzeugenden Pers\u00f6nlichkeit und seinem umfassenden Leistungsausweis in der nationalen sowie internationalen Immobilienbranche eine ideale Besetzung f\u00fcr die Position des CEO\u00bb sei.<\/p>\n<p>Ducrey war bis zu Sommer dieses Jahres CEO der Steiner Group; er verliess das Unternehmen, um sich anderen beruflichen Interessen zu widmen, hiess es damals. Die Position des CEO hatte Ducrey von 2015 bis 2018 inne, in der Gesch\u00e4ftsleitung von Steiner war er seit 2009. Zuvor war er zehn Jahre in verschiedenen F\u00fchrungsfunktionen bei Losinger Construction t\u00e4tig.<\/p>\n<p>Wie Mobimo weiter mitteilt, wird Beatrice Koch (50) neu zur Wahl in den Verwaltungsrat vorgeschlagen. Koch war bis Mitte 2018 Wirtschaftspr\u00fcferin und Partnerin bei Ernst &amp; Young und betreute unter anderem zahlreiche Immobilienmandate. Sie soll Wilhelm Hansen als Mitglied des Audit Committee ersetzen, der dem Verwaltungsrat der Mobimo elf Jahre angeh\u00f6rte und altershalber nicht mehr zur Wiederwahl antritt<em>.<\/em><\/p>","protected":false},"excerpt":{"rendered":"<p>Daniel Ducrey, der fr\u00fchere CEO der Steiner Group, wird im kommenden Fr\u00fchjahr Firmenchef der Mobimo Holding AG.<br \/>\n\u00a0<\/p>","protected":false},"author":24,"featured_media":0,"comment_status":"closed","ping_status":"closed","sticky":false,"template":"","format":"standard","meta":{"_acf_changed":false,"footnotes":""},"categories":[5],"tags":[36,74],"class_list":["post-993","post","type-post","status-publish","format-standard","hentry","category-ib","tag-immobilien-ag","tag-personalia"],"acf":[],"_links":{"self":[{"href":"https:\/\/develop.immobilienbusiness.ch\/it\/wp-json\/wp\/v2\/posts\/993","targetHints":{"allow":["GET"]}}],"collection":[{"href":"https:\/\/develop.immobilienbusiness.ch\/it\/wp-json\/wp\/v2\/posts"}],"about":[{"href":"https:\/\/develop.immobilienbusiness.ch\/it\/wp-json\/wp\/v2\/types\/post"}],"author":[{"embeddable":true,"href":"https:\/\/develop.immobilienbusiness.ch\/it\/wp-json\/wp\/v2\/users\/24"}],"replies":[{"embeddable":true,"href":"https:\/\/develop.immobilienbusiness.ch\/it\/wp-json\/wp\/v2\/comments?post=993"}],"version-history":[{"count":0,"href":"https:\/\/develop.immobilienbusiness.ch\/it\/wp-json\/wp\/v2\/posts\/993\/revisions"}],"wp:attachment":[{"href":"https:\/\/develop.immobilienbusiness.ch\/it\/wp-json\/wp\/v2\/media?parent=993"}],"wp:term":[{"taxonomy":"category","embeddable":true,"href":"https:\/\/develop.immobilienbusiness.ch\/it\/wp-json\/wp\/v2\/categories?post=993"},{"taxonomy":"post_tag","embeddable":true,"href":"https:\/\/develop.immobilienbusiness.ch\/it\/wp-json\/wp\/v2\/tags?post=993"}],"curies":[{"name":"wp","href":"https:\/\/api.w.org\/{rel}","templated":true}]}}