{"id":985,"date":"2020-12-04T07:43:28","date_gmt":"2020-12-04T06:43:28","guid":{"rendered":"https:\/\/develop.immobilienbusiness.ch\/de\/allgemein\/2020-12-04\/basel-neue-infrastruktur-rund-um-den-bahnhof-sbb\/"},"modified":"2020-12-04T07:43:28","modified_gmt":"2020-12-04T06:43:28","slug":"basel-neue-infrastruktur-rund-um-den-bahnhof-sbb","status":"publish","type":"post","link":"https:\/\/develop.immobilienbusiness.ch\/it\/ib\/2020-12-04\/basel-neue-infrastruktur-rund-um-den-bahnhof-sbb\/","title":{"rendered":"Basel: Neue Infrastruktur rund um den Bahnhof SBB"},"content":{"rendered":"<p><span><span><span>Der Bahnhof SBB und der Raum rund um den Bahnhof wird sich in den n\u00e4chsten 15 Jahren stark ver\u00e4ndern, etwa durch den Bau der Durchmesserstrecke zwischen Bahnhof SBB und Badischem Bahnhof, die Gleiserweiterung Richtung Gundeli und die \u00dcberbauung Nauentor.<\/span><\/span><\/span><\/p>\n<p><span><span><span>Mit dem Entwicklungskonzept hat der Regierungsrat nun eine Gesamtbetrachtung zur st\u00e4dtischen Einbettung des Bahnhofs sowie der Weiterentwicklung des Stadtraums um den Bahnhof vorgelegt. Geplant sind unter anderem neue Zug\u00e4nge zu den Gleisen von einem neuen \u00abMarkthallenplatz\u00bb sowie vom Meret Oppenheim-Platz, ein \u00fcbersichtlich gestalteter Centralbahnplatz, eine neue Margarethenbr\u00fccke, die mehr Platz f\u00fcr Velofahrende und Fussg\u00e4nger und Zugang zu den Gleisen bietet, sowie eine neue Veloquerung im \u00f6stlichen Bahnhofsareal.<\/span><\/span><\/span><\/p>\n<p><span><span><span>In einem n\u00e4chsten Schritt wird das Bau- und Verkehrsdepartement 2021 mit einer \u00abVorstudie Verkehr\u00bb f\u00fcr den n\u00f6rdlichen Bereich des Bahnhofs beginnen. Die Mittel dazu hat der Grosse Rat mit im September 2020 bereits gesprochen.<\/span><\/span><\/span><\/p>","protected":false},"excerpt":{"rendered":"<p><span><span><span>Der st\u00e4dtebaulich wichtige Raum um den Bahnhof SBB in Basel wird weiterentwickelt. Der Regierungsrat des Kantons Basel-Stadt hat ein entsprechendes Konzept gutgeheissen. <\/span><\/span><\/span><\/p>","protected":false},"author":23,"featured_media":0,"comment_status":"closed","ping_status":"closed","sticky":false,"template":"","format":"standard","meta":{"_acf_changed":false,"footnotes":""},"categories":[5],"tags":[2,62],"class_list":["post-985","post","type-post","status-publish","format-standard","hentry","category-ib","tag-bs","tag-infrastruktur"],"acf":[],"_links":{"self":[{"href":"https:\/\/develop.immobilienbusiness.ch\/it\/wp-json\/wp\/v2\/posts\/985","targetHints":{"allow":["GET"]}}],"collection":[{"href":"https:\/\/develop.immobilienbusiness.ch\/it\/wp-json\/wp\/v2\/posts"}],"about":[{"href":"https:\/\/develop.immobilienbusiness.ch\/it\/wp-json\/wp\/v2\/types\/post"}],"author":[{"embeddable":true,"href":"https:\/\/develop.immobilienbusiness.ch\/it\/wp-json\/wp\/v2\/users\/23"}],"replies":[{"embeddable":true,"href":"https:\/\/develop.immobilienbusiness.ch\/it\/wp-json\/wp\/v2\/comments?post=985"}],"version-history":[{"count":0,"href":"https:\/\/develop.immobilienbusiness.ch\/it\/wp-json\/wp\/v2\/posts\/985\/revisions"}],"wp:attachment":[{"href":"https:\/\/develop.immobilienbusiness.ch\/it\/wp-json\/wp\/v2\/media?parent=985"}],"wp:term":[{"taxonomy":"category","embeddable":true,"href":"https:\/\/develop.immobilienbusiness.ch\/it\/wp-json\/wp\/v2\/categories?post=985"},{"taxonomy":"post_tag","embeddable":true,"href":"https:\/\/develop.immobilienbusiness.ch\/it\/wp-json\/wp\/v2\/tags?post=985"}],"curies":[{"name":"wp","href":"https:\/\/api.w.org\/{rel}","templated":true}]}}