{"id":978,"date":"2020-12-02T19:20:33","date_gmt":"2020-12-02T18:20:33","guid":{"rendered":"https:\/\/develop.immobilienbusiness.ch\/de\/allgemein\/2020-12-02\/geschaftsmietegesetz-keine-mehrheit\/"},"modified":"2020-12-02T19:20:33","modified_gmt":"2020-12-02T18:20:33","slug":"geschaftsmietegesetz-keine-mehrheit","status":"publish","type":"post","link":"https:\/\/develop.immobilienbusiness.ch\/it\/ib\/2020-12-02\/geschaftsmietegesetz-keine-mehrheit\/","title":{"rendered":"Gesch\u00e4ftsmietegesetz:  Keine Mehrheit"},"content":{"rendered":"<p><span><span>Der Nationalrat folgte nach der Detailberatung mit seiner Ablehnung des Gesetzes der vorberatenden Rechtskommission, welche bereits beantragt hatte, nicht auf die Vorlage einzutreten. Durchgesetzt hat sich eine Allianz aus SVP-, FDP-, der Mehrheit der Mitte-Fraktion und einigen GLP-Vertreterinnen und -Vertretern gegen die Stimmen der SP, der Gr\u00fcnen und der zur Mitte-Fraktion geh\u00f6rende EVP. <\/span><\/span><\/p>\n<p><span><span>Die Vorlage des Bundesrats sah vor, dass Mieter und P\u00e4chter, die im Fr\u00fchjahr von einer beh\u00f6rdlichen Schliessung oder starken Einschr\u00e4nkung betroffen waren, f\u00fcr diese Zeit nur 40 Prozent des Mietzinses bezahlen m\u00fcssen \u2013\u00a060 Prozent sollten zulasten der Vermieterinnen und Vermieter gehen. Mit dem Gesetz w\u00fcrde r\u00fcckwirkend in private Vertragsverh\u00e4ltnisse eingegriffen, begr\u00fcndete die b\u00fcrgerliche Mehrheit ihre Ablehnung. Zudem w\u00fcrde die nun vorliegende L\u00f6sung zu Rechtsunsicherheit f\u00fchren und der unterschiedlichen Betroffenheit der einzelnen Betriebe nicht Rechnung tragen. <\/span><\/span><\/p>\n<p><span><span>Nach der Ablehnung im Nationalrat ist der St\u00e4nderat am 2. Dezember 2020 zum Schluss gelangt, erst gar nicht auf das Gesch\u00e4ft einzutreten. Damit ist das Gesetz nun definitiv vom Tisch. Durch den Versuch der linken Politiker mit einem Gesetz in die Vertragsfreiheit einzugreifen, wurden die gem\u00e4ss des Monitorings des Bundesrates gut angelaufenen Verhandlungen zwischen Mietern und Vermietern gestoppt, da alle auf eine allf\u00e4llige gesetzliche L\u00f6sung warten mussten. \u00abDieser unselige Zustand ist nun vorbei\u00bb, kommentiert der SVIT Schweiz die Ablehnung des Gesetzes.<\/span><\/span><\/p>\n<p><span><span>Der SVIT Schweiz, der Bundesrat und das Bundesamt f\u00fcr Wohnungswesen fordern Vermieter und Mieter auf, die Verhandlungen wieder aufzunehmen. Die Pandemie sei noch nicht vorbei, und es m\u00fcssten f\u00fcr beide Parteien f\u00fcr die Vergangenheit und die Zukunft tragbare L\u00f6sungen gefunden werden, heisst es in einer Mitteilung des SVIT: \u00abKonkurse von Mietern dienen niemandem, auch nicht dem Vermieter, und gerichtliche Auseinandersetzungen ben\u00f6tigen Zeit und Geld, die besser in eine partnerschaftliche L\u00f6sung investiert werden.\u00bb<\/span><\/span><\/p>","protected":false},"excerpt":{"rendered":"<p><span><span>Nachdem der Nationalrat das Covid-19-Gesch\u00e4ftsmietegesetz am Montag, 30. November 2020, mit 100 zu 87 Stimmen bei 7 Enthaltungen abgelehnt hat, ist der St\u00e4nderat am Mittwoch, 2. Dezember 2020, erst gar nicht auf das Gesetz eingetreten \u2013 damit ist es definitiv vom Tisch.<\/span><\/span><br \/>\n\u00a0<\/p>","protected":false},"author":24,"featured_media":0,"comment_status":"closed","ping_status":"closed","sticky":false,"template":"","format":"standard","meta":{"_acf_changed":false,"footnotes":""},"categories":[5],"tags":[60,16],"class_list":["post-978","post","type-post","status-publish","format-standard","hentry","category-ib","tag-gesetze-urteile","tag-retail"],"acf":[],"_links":{"self":[{"href":"https:\/\/develop.immobilienbusiness.ch\/it\/wp-json\/wp\/v2\/posts\/978","targetHints":{"allow":["GET"]}}],"collection":[{"href":"https:\/\/develop.immobilienbusiness.ch\/it\/wp-json\/wp\/v2\/posts"}],"about":[{"href":"https:\/\/develop.immobilienbusiness.ch\/it\/wp-json\/wp\/v2\/types\/post"}],"author":[{"embeddable":true,"href":"https:\/\/develop.immobilienbusiness.ch\/it\/wp-json\/wp\/v2\/users\/24"}],"replies":[{"embeddable":true,"href":"https:\/\/develop.immobilienbusiness.ch\/it\/wp-json\/wp\/v2\/comments?post=978"}],"version-history":[{"count":0,"href":"https:\/\/develop.immobilienbusiness.ch\/it\/wp-json\/wp\/v2\/posts\/978\/revisions"}],"wp:attachment":[{"href":"https:\/\/develop.immobilienbusiness.ch\/it\/wp-json\/wp\/v2\/media?parent=978"}],"wp:term":[{"taxonomy":"category","embeddable":true,"href":"https:\/\/develop.immobilienbusiness.ch\/it\/wp-json\/wp\/v2\/categories?post=978"},{"taxonomy":"post_tag","embeddable":true,"href":"https:\/\/develop.immobilienbusiness.ch\/it\/wp-json\/wp\/v2\/tags?post=978"}],"curies":[{"name":"wp","href":"https:\/\/api.w.org\/{rel}","templated":true}]}}