{"id":806,"date":"2020-09-18T09:34:38","date_gmt":"2020-09-18T07:34:38","guid":{"rendered":"https:\/\/develop.immobilienbusiness.ch\/de\/allgemein\/2020-09-18\/bern-kernkraftwerk-muhleberg-wird-stillgelegt\/"},"modified":"2020-09-18T09:34:38","modified_gmt":"2020-09-18T07:34:38","slug":"bern-kernkraftwerk-muhleberg-wird-stillgelegt","status":"publish","type":"post","link":"https:\/\/develop.immobilienbusiness.ch\/it\/ib\/2020-09-18\/bern-kernkraftwerk-muhleberg-wird-stillgelegt\/","title":{"rendered":"Bern: Kernkraftwerk M\u00fchleberg wird stillgelegt"},"content":{"rendered":"<p><span><span><span>Derzeit werden laut einer Mitteilung der BKW unter anderem Hebeb\u00fchnen und Kr\u00e4ne aufgebaut, mithilfe derer sp\u00e4ter die Kerneinbauten zerlegt werden sollen, das sind Anlagenteile im Innern des Reaktors. Im Maschinenhaus seien in den letzten Monaten die vorbereitenden Massnahmen f\u00fcr die Stilllegung vorangetrieben worden, unter anderem habe man die Turbinen ausgebaut und verschiedene Systeme ausser Betrieb genommen.<\/span><\/span><\/span><\/p>\n<p><span><span><span>Es ist das erste Mal, dass in der Schweiz ein Leistungsreaktor zur\u00fcckgebaut wird, betont die BKW. Die Stilllegung werde rund 15 Jahre dauern und soll 2034 abgeschlossen sein. <\/span><\/span><\/span><\/p>","protected":false},"excerpt":{"rendered":"<p><span><span><span>Das Kernkraftwerk M\u00fchleberg (KKM) ist nun endg\u00fcltig ausser Betrieb genommen. Die BKW leitet den R\u00fcckbau ein.<\/span><\/span><\/span><\/p>","protected":false},"author":23,"featured_media":0,"comment_status":"closed","ping_status":"closed","sticky":false,"template":"","format":"standard","meta":{"_acf_changed":false,"footnotes":""},"categories":[5],"tags":[25,62],"class_list":["post-806","post","type-post","status-publish","format-standard","hentry","category-ib","tag-be","tag-infrastruktur"],"acf":[],"_links":{"self":[{"href":"https:\/\/develop.immobilienbusiness.ch\/it\/wp-json\/wp\/v2\/posts\/806","targetHints":{"allow":["GET"]}}],"collection":[{"href":"https:\/\/develop.immobilienbusiness.ch\/it\/wp-json\/wp\/v2\/posts"}],"about":[{"href":"https:\/\/develop.immobilienbusiness.ch\/it\/wp-json\/wp\/v2\/types\/post"}],"author":[{"embeddable":true,"href":"https:\/\/develop.immobilienbusiness.ch\/it\/wp-json\/wp\/v2\/users\/23"}],"replies":[{"embeddable":true,"href":"https:\/\/develop.immobilienbusiness.ch\/it\/wp-json\/wp\/v2\/comments?post=806"}],"version-history":[{"count":0,"href":"https:\/\/develop.immobilienbusiness.ch\/it\/wp-json\/wp\/v2\/posts\/806\/revisions"}],"wp:attachment":[{"href":"https:\/\/develop.immobilienbusiness.ch\/it\/wp-json\/wp\/v2\/media?parent=806"}],"wp:term":[{"taxonomy":"category","embeddable":true,"href":"https:\/\/develop.immobilienbusiness.ch\/it\/wp-json\/wp\/v2\/categories?post=806"},{"taxonomy":"post_tag","embeddable":true,"href":"https:\/\/develop.immobilienbusiness.ch\/it\/wp-json\/wp\/v2\/tags?post=806"}],"curies":[{"name":"wp","href":"https:\/\/api.w.org\/{rel}","templated":true}]}}