{"id":747,"date":"2020-09-01T12:04:17","date_gmt":"2020-09-01T10:04:17","guid":{"rendered":"https:\/\/develop.immobilienbusiness.ch\/de\/allgemein\/2020-09-01\/zurich-startschuss-fur-die-hochbauarbeiten-am-franklinturm\/"},"modified":"2020-09-01T12:04:17","modified_gmt":"2020-09-01T10:04:17","slug":"zurich-startschuss-fur-die-hochbauarbeiten-am-franklinturm","status":"publish","type":"post","link":"https:\/\/develop.immobilienbusiness.ch\/it\/ib\/2020-09-01\/zurich-startschuss-fur-die-hochbauarbeiten-am-franklinturm\/","title":{"rendered":"Z\u00fcrich: Startschuss f\u00fcr die Hochbauarbeiten am Franklinturm"},"content":{"rendered":"<p>Nach circa elf Monaten Bauzeit wurden die technisch anspruchsvollen Tiefbauarbeiten am Franklinturm planm\u00e4ssig abgeschlossen. Das 21geschossige und 80 Meter hohe Geb\u00e4ude, ein Projekt von SBB Immobilien, kommt s\u00fcdlich des Bahnhofs Oerlikon auf dem Areal an der Hofwiesenstrasse zu stehen. Gebaut wird nach Pl\u00e4nen des Architekten Armon Semadeni, dessen Konzept in einem mehrstufigen Auswahlverfahren als Sieger hervorging. Nach Fertigstellung wird der Franklinturm zusammen mit den benachbarten Hochh\u00e4usern Swiss\u00f4tel, Neumarkt und Andreasturm die Skyline des modernen Dienstleistungszentrums bilden.\u00a0<br \/>\nDie Tiebauarbeiten waren anspruchsvoll, wie die\u00a0von SBB Immobilien als Totalunternehmung beauftragte Porr Suisse AG mitteilt. Weil sich die Baugrube in unmittelbarer N\u00e4he der befahrenen Gleise der SBB befindet, h\u00e4tten die Arbeiten mit besonders hoher Pr\u00e4zision erfolgen m\u00fcssen. Eine weitere Herausforderung waren die in der Grube stark begrenzten Platzverh\u00e4ltnisse, aufgrund derer Platzierungen und Umplatzierungen der Baumaschinen\u00a0regelm\u00e4ssig mit Schwerlastkr\u00e4nen ausserhalb der Grube bewerkstelligt werden mussten. \u00abDer Abschluss der Tiefbauarbeiten setzt einen wichtigen Meilenstein f\u00fcr das imposante Hochbauprojekt und das aufstrebende Areal im Norden Z\u00fcrichs\u00bb, sagt Karl-Heinz Strauss, CEO der Porr. Auch in punkto Wirtschaftlichkeit k\u00f6nne der Bau \u00fcberzeugen \u2013 u.a. aufgrund der durchdachten Raumausnutzung und seiner Energieeffizienz gem\u00e4ss dem Label DGNB Platin\u00a0der Schweizer Gesellschaft f\u00fcr Nachhaltige Immobilienwirtschaft (SGNI). Die Auftragssumme betr\u00e4gt nach Angaben der Porr rund 80 Millionen CHF.<\/p>","protected":false},"excerpt":{"rendered":"<p>Ein Meilenstein zur Errichtung des Franklinturms in Z\u00fcrich ist erreicht: Die Baugrube f\u00fcr die Untergeschosse ist fertig ausgehoben. Das 80 Meter hohe Geb\u00e4ude, ein Projekt von SBB Immobilien, entsteht bis Ende 2022 \u00a0am Bahnhof Z\u00fcrich-Oerlikon.\u00a0<\/p>","protected":false},"author":24,"featured_media":0,"comment_status":"closed","ping_status":"closed","sticky":false,"template":"","format":"standard","meta":{"_acf_changed":false,"footnotes":""},"categories":[5],"tags":[7,19,42],"class_list":["post-747","post","type-post","status-publish","format-standard","hentry","category-ib","tag-buro","tag-in-bau","tag-zh"],"acf":[],"_links":{"self":[{"href":"https:\/\/develop.immobilienbusiness.ch\/it\/wp-json\/wp\/v2\/posts\/747","targetHints":{"allow":["GET"]}}],"collection":[{"href":"https:\/\/develop.immobilienbusiness.ch\/it\/wp-json\/wp\/v2\/posts"}],"about":[{"href":"https:\/\/develop.immobilienbusiness.ch\/it\/wp-json\/wp\/v2\/types\/post"}],"author":[{"embeddable":true,"href":"https:\/\/develop.immobilienbusiness.ch\/it\/wp-json\/wp\/v2\/users\/24"}],"replies":[{"embeddable":true,"href":"https:\/\/develop.immobilienbusiness.ch\/it\/wp-json\/wp\/v2\/comments?post=747"}],"version-history":[{"count":0,"href":"https:\/\/develop.immobilienbusiness.ch\/it\/wp-json\/wp\/v2\/posts\/747\/revisions"}],"wp:attachment":[{"href":"https:\/\/develop.immobilienbusiness.ch\/it\/wp-json\/wp\/v2\/media?parent=747"}],"wp:term":[{"taxonomy":"category","embeddable":true,"href":"https:\/\/develop.immobilienbusiness.ch\/it\/wp-json\/wp\/v2\/categories?post=747"},{"taxonomy":"post_tag","embeddable":true,"href":"https:\/\/develop.immobilienbusiness.ch\/it\/wp-json\/wp\/v2\/tags?post=747"}],"curies":[{"name":"wp","href":"https:\/\/api.w.org\/{rel}","templated":true}]}}