{"id":714,"date":"2020-08-20T08:06:15","date_gmt":"2020-08-20T06:06:15","guid":{"rendered":"https:\/\/develop.immobilienbusiness.ch\/de\/allgemein\/2020-08-20\/worblaufen-baubeginn-fur-neubauprojekt-hammerwerk\/"},"modified":"2020-08-20T08:06:15","modified_gmt":"2020-08-20T06:06:15","slug":"worblaufen-baubeginn-fur-neubauprojekt-hammerwerk","status":"publish","type":"post","link":"https:\/\/develop.immobilienbusiness.ch\/it\/ib\/2020-08-20\/worblaufen-baubeginn-fur-neubauprojekt-hammerwerk\/","title":{"rendered":"Worblaufen: Baubeginn f\u00fcr Neubauprojekt Hammerwerk"},"content":{"rendered":"<p>Zwischen ehemaliger Industrie und Natur entstehen in der nahe Ittigen gelegenen Gemeinde Worblaufen derzeit im Rahmen des Projekts Hammerwerk neue Eigentumswohnungen. Angrenzend an die stillgelegte historische Hammerschmiede werden f\u00fcnf sechsst\u00f6ckige Punkth\u00e4user mit dazwischengeschalteten zweist\u00f6ckigen Verbindungsbauten errichtet; sie werden nach Fertigstellung einen Wohnungsmix von Studios und 2,5- bis 5,5-Zimmer-Wohnungen bieten. Mit Ausnahme der Studios verf\u00fcgen alle Wohnungen \u00fcber gedeckte, nach S\u00fcden ausgerichtete Terrassen oder Balkone mit Sicht auf die Aare.<\/p>\n<p>Der Grundstein f\u00fcr das Projekt der Halter AG\u00a0wurde am 19. August 2020 gelegt; nach aktuellem Zeitplan sollen die Geb\u00e4ude im Fr\u00fchling 2022 bezugsbereit sein.\u00a0<\/p>","protected":false},"excerpt":{"rendered":"<p>Am 19. August 2020 wurde in der Gemeinde Worblaufen (BE) der Grundstein f\u00fcr das Neubauprojekt Hammerwerk gelegt. In rund zwei Jahren sollen die ersten Bewohner auf dem historischen Grund direkt am Aareufer einziehen k\u00f6nnen.<\/p>","protected":false},"author":23,"featured_media":0,"comment_status":"closed","ping_status":"closed","sticky":false,"template":"","format":"standard","meta":{"_acf_changed":false,"footnotes":""},"categories":[5],"tags":[25,19,14],"class_list":["post-714","post","type-post","status-publish","format-standard","hentry","category-ib","tag-be","tag-in-bau","tag-mfh-stockwerkeigentum"],"acf":[],"_links":{"self":[{"href":"https:\/\/develop.immobilienbusiness.ch\/it\/wp-json\/wp\/v2\/posts\/714","targetHints":{"allow":["GET"]}}],"collection":[{"href":"https:\/\/develop.immobilienbusiness.ch\/it\/wp-json\/wp\/v2\/posts"}],"about":[{"href":"https:\/\/develop.immobilienbusiness.ch\/it\/wp-json\/wp\/v2\/types\/post"}],"author":[{"embeddable":true,"href":"https:\/\/develop.immobilienbusiness.ch\/it\/wp-json\/wp\/v2\/users\/23"}],"replies":[{"embeddable":true,"href":"https:\/\/develop.immobilienbusiness.ch\/it\/wp-json\/wp\/v2\/comments?post=714"}],"version-history":[{"count":0,"href":"https:\/\/develop.immobilienbusiness.ch\/it\/wp-json\/wp\/v2\/posts\/714\/revisions"}],"wp:attachment":[{"href":"https:\/\/develop.immobilienbusiness.ch\/it\/wp-json\/wp\/v2\/media?parent=714"}],"wp:term":[{"taxonomy":"category","embeddable":true,"href":"https:\/\/develop.immobilienbusiness.ch\/it\/wp-json\/wp\/v2\/categories?post=714"},{"taxonomy":"post_tag","embeddable":true,"href":"https:\/\/develop.immobilienbusiness.ch\/it\/wp-json\/wp\/v2\/tags?post=714"}],"curies":[{"name":"wp","href":"https:\/\/api.w.org\/{rel}","templated":true}]}}