{"id":650,"date":"2020-08-07T10:20:11","date_gmt":"2020-08-07T08:20:11","guid":{"rendered":"https:\/\/develop.immobilienbusiness.ch\/de\/allgemein\/2020-08-07\/retail-neuer-eigentumer-fur-conforama-schweiz\/"},"modified":"2020-08-07T10:20:11","modified_gmt":"2020-08-07T08:20:11","slug":"retail-neuer-eigentumer-fur-conforama-schweiz","status":"publish","type":"post","link":"https:\/\/develop.immobilienbusiness.ch\/it\/ib\/2020-08-07\/retail-neuer-eigentumer-fur-conforama-schweiz\/","title":{"rendered":"Retail: Neuer Eigent\u00fcmer f\u00fcr Conforama Schweiz"},"content":{"rendered":"<p><span><span><span>Conforama ist seit 1976 in der Schweiz vertreten und betreibt derzeit 22 Filialen in der Deutschschweiz, in der Romandie und im Tessin sowie einen Onlineshop. Wie die Firma mitteilte, sei sie durch eine Schweizer Investorengruppe \u00fcbernommen worden. <\/span><\/span><\/span><\/p>\n<p><span><span><span>Mit dem neuen Aktion\u00e4r gewinne Conforama die Unabh\u00e4ngigkeit zur\u00fcck, \u00abwie wir sie ganz am Anfang vor \u00fcber 40 Jahren kannten\u00bb, so Patrice Dupasquier, CEO von Conforama Schweiz. Das Ziel sei es, die Position von Conforama Schweiz als Omnichannel-Marktf\u00fchrer in den Bereichen M\u00f6bel und Haushaltsger\u00e4te zu festigen.<\/span><\/span><\/span><\/p>\n<p><span><span><span>Laut verschiedenen Medienberichten handelt es sich bei dem neuen Eigent\u00fcmer um den Unternehmer Dan Mamane, der an verschiedenen Gesellschaften aus der Elektronik-Branche beteiligt ist.<\/span><\/span><\/span><\/p>","protected":false},"excerpt":{"rendered":"<p><span><span><span>Ein Schweizer Investor hat die Einrichtungskette Conforama mit landesweit 22 Filialen von der Steinhoff-Gruppe erworben.<\/span><\/span><\/span><\/p>","protected":false},"author":23,"featured_media":0,"comment_status":"closed","ping_status":"closed","sticky":false,"template":"","format":"standard","meta":{"_acf_changed":false,"footnotes":""},"categories":[5],"tags":[16],"class_list":["post-650","post","type-post","status-publish","format-standard","hentry","category-ib","tag-retail"],"acf":[],"_links":{"self":[{"href":"https:\/\/develop.immobilienbusiness.ch\/it\/wp-json\/wp\/v2\/posts\/650","targetHints":{"allow":["GET"]}}],"collection":[{"href":"https:\/\/develop.immobilienbusiness.ch\/it\/wp-json\/wp\/v2\/posts"}],"about":[{"href":"https:\/\/develop.immobilienbusiness.ch\/it\/wp-json\/wp\/v2\/types\/post"}],"author":[{"embeddable":true,"href":"https:\/\/develop.immobilienbusiness.ch\/it\/wp-json\/wp\/v2\/users\/23"}],"replies":[{"embeddable":true,"href":"https:\/\/develop.immobilienbusiness.ch\/it\/wp-json\/wp\/v2\/comments?post=650"}],"version-history":[{"count":0,"href":"https:\/\/develop.immobilienbusiness.ch\/it\/wp-json\/wp\/v2\/posts\/650\/revisions"}],"wp:attachment":[{"href":"https:\/\/develop.immobilienbusiness.ch\/it\/wp-json\/wp\/v2\/media?parent=650"}],"wp:term":[{"taxonomy":"category","embeddable":true,"href":"https:\/\/develop.immobilienbusiness.ch\/it\/wp-json\/wp\/v2\/categories?post=650"},{"taxonomy":"post_tag","embeddable":true,"href":"https:\/\/develop.immobilienbusiness.ch\/it\/wp-json\/wp\/v2\/tags?post=650"}],"curies":[{"name":"wp","href":"https:\/\/api.w.org\/{rel}","templated":true}]}}