{"id":611,"date":"2020-07-31T09:54:56","date_gmt":"2020-07-31T07:54:56","guid":{"rendered":"https:\/\/develop.immobilienbusiness.ch\/de\/allgemein\/2020-07-31\/luzern-css-darf-gewerbegebaude-an-der-tribschenstrasse-abreissen\/"},"modified":"2020-07-31T09:54:56","modified_gmt":"2020-07-31T07:54:56","slug":"luzern-css-darf-gewerbegebaude-an-der-tribschenstrasse-abreissen","status":"publish","type":"post","link":"https:\/\/develop.immobilienbusiness.ch\/it\/ib\/2020-07-31\/luzern-css-darf-gewerbegebaude-an-der-tribschenstrasse-abreissen\/","title":{"rendered":"Luzern: CSS darf Gewerbegeb\u00e4ude an der Tribschenstrasse abreissen"},"content":{"rendered":"<p><span><span><span>Die Krankenkasse CSS will das Geb\u00e4ude des Architekten Carl Mossdorf aus den fr\u00fchen 1930er Jahren abreissen lassen, um auf dem Grundst\u00fcck im Tribschenquartier einen Neubau f\u00fcr 500 Arbeitspl\u00e4tze zu realisieren. Heimatschutz und Architektenverb\u00e4nde wehrten sich gegen diese Pl\u00e4ne und legten Beschwerde gegen den Abriss ein. <\/span><\/span><\/span><\/p>\n<p><span><span><span>Das Kantonsgericht Luzern hat die Beschwerde jedoch abgewiesen, <a href=\"https:\/\/www.zentralplus.ch\/kantonsgericht-gibt-gruenes-licht-fuer-den-abriss-eines-pionierbaus-1852775\/\">berichtete zuerst das Onlineportal <em>Zentralplus<\/em>.<\/a> Denn das Geb\u00e4ude stehe nicht unter Denkmalschutz, sondern nur im im Bundesinventar der sch\u00fctzenswerten Ortsbilder von nationaler Bedeutung (ISOS). Dieses sei weniger bindend und k\u00f6nne auch nicht beachtet werden, zum Beispiel wenn \u00f6ffentliche oder wirtschaftliche Interessen \u00fcberwiegen. Daher hatte die Stadt Luzern dem Abriss auch stattgegeben. Zu Recht, wie nun auch das Kantonsgericht befand. <\/span><\/span><\/span><\/p>\n<p><span><span><span>Das Urteil kann noch ans Bundesgericht weitergezogen werden. <\/span><\/span><\/span><\/p>","protected":false},"excerpt":{"rendered":"<p><span><span><span>Die Krankenkasse CSS darf das historische Gewerbegeb\u00e4ude an der Tribschenstrasse 51 in Luzern abreissen. Das hat das Kantonsgericht entschieden.<\/span><\/span><\/span><\/p>","protected":false},"author":23,"featured_media":0,"comment_status":"closed","ping_status":"closed","sticky":false,"template":"","format":"standard","meta":{"_acf_changed":false,"footnotes":""},"categories":[5],"tags":[7,11,10],"class_list":["post-611","post","type-post","status-publish","format-standard","hentry","category-ib","tag-buro","tag-in-planung","tag-lu"],"acf":[],"_links":{"self":[{"href":"https:\/\/develop.immobilienbusiness.ch\/it\/wp-json\/wp\/v2\/posts\/611","targetHints":{"allow":["GET"]}}],"collection":[{"href":"https:\/\/develop.immobilienbusiness.ch\/it\/wp-json\/wp\/v2\/posts"}],"about":[{"href":"https:\/\/develop.immobilienbusiness.ch\/it\/wp-json\/wp\/v2\/types\/post"}],"author":[{"embeddable":true,"href":"https:\/\/develop.immobilienbusiness.ch\/it\/wp-json\/wp\/v2\/users\/23"}],"replies":[{"embeddable":true,"href":"https:\/\/develop.immobilienbusiness.ch\/it\/wp-json\/wp\/v2\/comments?post=611"}],"version-history":[{"count":0,"href":"https:\/\/develop.immobilienbusiness.ch\/it\/wp-json\/wp\/v2\/posts\/611\/revisions"}],"wp:attachment":[{"href":"https:\/\/develop.immobilienbusiness.ch\/it\/wp-json\/wp\/v2\/media?parent=611"}],"wp:term":[{"taxonomy":"category","embeddable":true,"href":"https:\/\/develop.immobilienbusiness.ch\/it\/wp-json\/wp\/v2\/categories?post=611"},{"taxonomy":"post_tag","embeddable":true,"href":"https:\/\/develop.immobilienbusiness.ch\/it\/wp-json\/wp\/v2\/tags?post=611"}],"curies":[{"name":"wp","href":"https:\/\/api.w.org\/{rel}","templated":true}]}}