{"id":528,"date":"2020-07-13T09:44:49","date_gmt":"2020-07-13T07:44:49","guid":{"rendered":"https:\/\/develop.immobilienbusiness.ch\/de\/allgemein\/2020-07-13\/grundsteinlegung-fur-riverside-in-zuchwil\/"},"modified":"2020-07-13T09:44:49","modified_gmt":"2020-07-13T07:44:49","slug":"grundsteinlegung-fur-riverside-in-zuchwil","status":"publish","type":"post","link":"https:\/\/develop.immobilienbusiness.ch\/it\/ib\/2020-07-13\/grundsteinlegung-fur-riverside-in-zuchwil\/","title":{"rendered":"Grundsteinlegung f\u00fcr Riverside in Zuchwil"},"content":{"rendered":"<p>F\u00fcr J\u00e9r\u00f4me Baumann, Stiftungsratspr\u00e4sident der Swiss Prime Anlagestiftung steht fest: \u00abDieses Projekt ist bedeutend f\u00fcr die ganze Region Solothurn.\u00bb Mit der Grundsteinlegung begann am 10. Juli 2020 am Aareuferweg im Nordwesten des Areals auch offiziell der Bau der ersten 140 Mietwohnungen. Gleichzeitig \u00f6ffnete sich das Riverside nun der \u00d6ffentlichkeit \u2013\u00a0mit einer tempor\u00e4ren Gastronomie an der Aare, dem \u00abRiverYard\u00bb.<\/p>\n<p>Wie die SPS Anlagestifung mitteilt, soll im Fr\u00fchling 2021 Vermarktungsstart f\u00fcr die ersten Wohnungen sein; erste Einzugstermine sind f\u00fcr den Winter 2021 terminiert. Realisiert wird diese erste Bauetappe vom Solothurner Architekturb\u00fcro Graf Stampfli Jenni in Zusammenarbeit mit Agps Architecture Ltd.; Kapitalgeber sind \u00fcber 280 Schweizer Pensionskassen. \u00abDie Swiss Prime Anlagestiftung f\u00fchrt momentan die sechste Emission durch. Das aufgenommene Kapital wird unter anderem zur Finanzierung der Entwicklungsprojekte verwendet\u00bb, so Marcel Hug, Gesch\u00e4ftsf\u00fchrer der Swiss Prime Anlagestiftung. Die Zeichnungsfrist dauert noch bis zum 22. Juli 2020.<\/p>\n<h2>Wohnen und Arbeiten am Fluss<\/h2>\n<p>Den Masterplan hatte ein Team aus Architekten, Ingenieuren, Landschafts-, Raum- und Verkehrsplanern erarbeitet. Der Standort in unmittelbarer N\u00e4he der Stadt Solothurn, an der Aare und mit direkter Anbindung an den \u00f6ffentlichen Nah- und Fernverkehr sowie die Autobahnen A1 und A5 beschreiben die Planer als \u00aboptimal\u00bb.<\/p>\n<p>Das Gesamtkonzept des Riverside, das als \u00abLebensraum\u00bb entwickelt werden soll, baut den Angaben zufolge auf Lebensqualit\u00e4t und Nachhaltigkeit auf: Wohnungsstandard, soziodemographische Merkmale, Energie und Verkehrsf\u00fchrung. Damit ein facettenreiches Quartier heranwachsen kann, sollen in den kommenden 15 bis 20 Jahren auf den insgesamt zehn Baufeldern unterschiedliche Wohnungen sowohl f\u00fcr Miete wie auch Kauf entstehen. Vielfalt und Nachhaltigkeit wolle man nicht nur mit der Zusammenf\u00fchrung von Wohnen und Arbeiten sowie Gastronomie und Freizeit erzielen, sondern auch durch die grosse Diversit\u00e4t im Wohnungsangebot und eine moderne Infrastruktur bef\u00f6rdern, erkl\u00e4rte J\u00e9r\u00f4me Baumann an der Grundsteinlegung: \u00abDas Areal und seine nat\u00fcrliche Umgebung bieten ideale Bedingungen hier zu wohnen, zu arbeiten, zu leben.\u00bb <em>(bw)<\/em><\/p>","protected":false},"excerpt":{"rendered":"<p>Auf dem umgenutzten Industrieareal Riverside in Zuchwil hat die Swiss Prime Anlagestiftung den Grundstein f\u00fcr ein neuartiges Quartier gelegt, welches nach Fertigstellung Wohnen und Arbeiten ebenso verbinden soll wie Natur und Urbanit\u00e4t. Bis Fr\u00fchling 2022 entstehen die ersten 140 Mietwohnungen in unmittelbarer Stadtn\u00e4he.<\/p>","protected":false},"author":23,"featured_media":0,"comment_status":"closed","ping_status":"closed","sticky":false,"template":"","format":"standard","meta":{"_acf_changed":false,"footnotes":""},"categories":[5],"tags":[32,19,4,33],"class_list":["post-528","post","type-post","status-publish","format-standard","hentry","category-ib","tag-ast-und-anlagegruppen","tag-in-bau","tag-mehrfamilienhaus-miete","tag-so"],"acf":[],"_links":{"self":[{"href":"https:\/\/develop.immobilienbusiness.ch\/it\/wp-json\/wp\/v2\/posts\/528","targetHints":{"allow":["GET"]}}],"collection":[{"href":"https:\/\/develop.immobilienbusiness.ch\/it\/wp-json\/wp\/v2\/posts"}],"about":[{"href":"https:\/\/develop.immobilienbusiness.ch\/it\/wp-json\/wp\/v2\/types\/post"}],"author":[{"embeddable":true,"href":"https:\/\/develop.immobilienbusiness.ch\/it\/wp-json\/wp\/v2\/users\/23"}],"replies":[{"embeddable":true,"href":"https:\/\/develop.immobilienbusiness.ch\/it\/wp-json\/wp\/v2\/comments?post=528"}],"version-history":[{"count":0,"href":"https:\/\/develop.immobilienbusiness.ch\/it\/wp-json\/wp\/v2\/posts\/528\/revisions"}],"wp:attachment":[{"href":"https:\/\/develop.immobilienbusiness.ch\/it\/wp-json\/wp\/v2\/media?parent=528"}],"wp:term":[{"taxonomy":"category","embeddable":true,"href":"https:\/\/develop.immobilienbusiness.ch\/it\/wp-json\/wp\/v2\/categories?post=528"},{"taxonomy":"post_tag","embeddable":true,"href":"https:\/\/develop.immobilienbusiness.ch\/it\/wp-json\/wp\/v2\/tags?post=528"}],"curies":[{"name":"wp","href":"https:\/\/api.w.org\/{rel}","templated":true}]}}