{"id":5201,"date":"2023-05-22T09:33:39","date_gmt":"2023-05-22T07:33:39","guid":{"rendered":"https:\/\/develop.immobilienbusiness.ch\/?p=5201"},"modified":"2023-05-22T09:33:39","modified_gmt":"2023-05-22T07:33:39","slug":"reinach-ag-jysk-erweitert-ladenflaechen","status":"publish","type":"post","link":"https:\/\/develop.immobilienbusiness.ch\/it\/ib\/2023-05-22\/reinach-ag-jysk-erweitert-ladenflaechen\/","title":{"rendered":"Reinach (AG): Jysk erweitert Ladenfl\u00e4chen"},"content":{"rendered":"<p>Die Jysk-Filiale an der Europastrasse 4 in Reinach (AG) wird erweitert. Das geht aus einer Baupublikation. Grundeigent\u00fcmer ist die M\u00f6bel Hunzier AG. Wie die \u00abLuzerner Zeitung\u00bb berichtet, soll das Gesch\u00e4ft bis Herbst um 160 qm auf dann 985 qm erweitert werden. <em>(aw)<\/em><\/p>","protected":false},"excerpt":{"rendered":"<p>Die Filiale des M\u00f6belh\u00e4ndlers Jysk in Reinach (AG) soll laut einem Medienbericht um 160 qm gr\u00f6sser werden.<\/p>","protected":false},"author":28,"featured_media":0,"comment_status":"closed","ping_status":"closed","sticky":false,"template":"","format":"standard","meta":{"_acf_changed":false,"footnotes":""},"categories":[5],"tags":[6,763,96,170,16,40],"class_list":["post-5201","post","type-post","status-publish","format-standard","hentry","category-ib","tag-ag","tag-jysk","tag-projekt-in-planung","tag-reinach","tag-retail","tag-vermietung"],"acf":[],"_links":{"self":[{"href":"https:\/\/develop.immobilienbusiness.ch\/it\/wp-json\/wp\/v2\/posts\/5201","targetHints":{"allow":["GET"]}}],"collection":[{"href":"https:\/\/develop.immobilienbusiness.ch\/it\/wp-json\/wp\/v2\/posts"}],"about":[{"href":"https:\/\/develop.immobilienbusiness.ch\/it\/wp-json\/wp\/v2\/types\/post"}],"author":[{"embeddable":true,"href":"https:\/\/develop.immobilienbusiness.ch\/it\/wp-json\/wp\/v2\/users\/28"}],"replies":[{"embeddable":true,"href":"https:\/\/develop.immobilienbusiness.ch\/it\/wp-json\/wp\/v2\/comments?post=5201"}],"version-history":[{"count":1,"href":"https:\/\/develop.immobilienbusiness.ch\/it\/wp-json\/wp\/v2\/posts\/5201\/revisions"}],"predecessor-version":[{"id":5202,"href":"https:\/\/develop.immobilienbusiness.ch\/it\/wp-json\/wp\/v2\/posts\/5201\/revisions\/5202"}],"wp:attachment":[{"href":"https:\/\/develop.immobilienbusiness.ch\/it\/wp-json\/wp\/v2\/media?parent=5201"}],"wp:term":[{"taxonomy":"category","embeddable":true,"href":"https:\/\/develop.immobilienbusiness.ch\/it\/wp-json\/wp\/v2\/categories?post=5201"},{"taxonomy":"post_tag","embeddable":true,"href":"https:\/\/develop.immobilienbusiness.ch\/it\/wp-json\/wp\/v2\/tags?post=5201"}],"curies":[{"name":"wp","href":"https:\/\/api.w.org\/{rel}","templated":true}]}}