{"id":475,"date":"2020-06-16T08:27:49","date_gmt":"2020-06-16T06:27:49","guid":{"rendered":"https:\/\/develop.immobilienbusiness.ch\/de\/allgemein\/2020-06-16\/jll-jan-eckert-wird-leiter-capital-markets-der-dach-region\/"},"modified":"2020-06-16T08:27:49","modified_gmt":"2020-06-16T06:27:49","slug":"jll-jan-eckert-wird-leiter-capital-markets-der-dach-region","status":"publish","type":"post","link":"https:\/\/develop.immobilienbusiness.ch\/it\/ib\/2020-06-16\/jll-jan-eckert-wird-leiter-capital-markets-der-dach-region\/","title":{"rendered":"JLL: Jan Eckert wird Leiter \u00abCapital Markets\u00bb der DACH-Region"},"content":{"rendered":"<p>In der neu geschaffenen Position als Leiter der \u00abCapital Markets\u00bb-Bereiche f\u00fcr Deutschland, \u00d6sterreich und die Schweiz (DACH) verantworte Jan Eckert die Investmentbereiche in der Region \u00fcber alle Assetklassen und Dienstleistungen hinweg, teilt JLL mit. Zudem sitzt Eckert im Capital Markets Exekutive Board f\u00fcr die Region EMEA; er berichtet an Matthew Richards, CEO Capital Markets EMEA. Ziel sei es, das Kapitalmarktgesch\u00e4ft in der DACH-Region unter Eckerts F\u00fchrung zukunftsorientiert zu entwickeln, so Richards.<\/p>\n<p>Eckert ist Immobilien\u00f6konom und Wirtschaftspr\u00fcfer und f\u00fchrt seit Gr\u00fcndung der Schweizer Niederlassung von Jones Lang LaSalle im Februar 2011 deren Gesch\u00e4fte. Diese Position beh\u00e4lt er bei.<\/p>","protected":false},"excerpt":{"rendered":"<p>Jan Eckert \u00fcbernimmt die Leitung des Kapitalmarktgesch\u00e4fts beim Immobiliendienstleister JLL f\u00fcr die DACH-Region. Seine Position als CEO der Schweizer Niederlassung beh\u00e4lt er bei.<\/p>","protected":false},"author":23,"featured_media":0,"comment_status":"closed","ping_status":"closed","sticky":false,"template":"","format":"standard","meta":{"_acf_changed":false,"footnotes":""},"categories":[5],"tags":[43],"class_list":["post-475","post","type-post","status-publish","format-standard","hentry","category-ib","tag-makler"],"acf":[],"_links":{"self":[{"href":"https:\/\/develop.immobilienbusiness.ch\/it\/wp-json\/wp\/v2\/posts\/475","targetHints":{"allow":["GET"]}}],"collection":[{"href":"https:\/\/develop.immobilienbusiness.ch\/it\/wp-json\/wp\/v2\/posts"}],"about":[{"href":"https:\/\/develop.immobilienbusiness.ch\/it\/wp-json\/wp\/v2\/types\/post"}],"author":[{"embeddable":true,"href":"https:\/\/develop.immobilienbusiness.ch\/it\/wp-json\/wp\/v2\/users\/23"}],"replies":[{"embeddable":true,"href":"https:\/\/develop.immobilienbusiness.ch\/it\/wp-json\/wp\/v2\/comments?post=475"}],"version-history":[{"count":0,"href":"https:\/\/develop.immobilienbusiness.ch\/it\/wp-json\/wp\/v2\/posts\/475\/revisions"}],"wp:attachment":[{"href":"https:\/\/develop.immobilienbusiness.ch\/it\/wp-json\/wp\/v2\/media?parent=475"}],"wp:term":[{"taxonomy":"category","embeddable":true,"href":"https:\/\/develop.immobilienbusiness.ch\/it\/wp-json\/wp\/v2\/categories?post=475"},{"taxonomy":"post_tag","embeddable":true,"href":"https:\/\/develop.immobilienbusiness.ch\/it\/wp-json\/wp\/v2\/tags?post=475"}],"curies":[{"name":"wp","href":"https:\/\/api.w.org\/{rel}","templated":true}]}}