{"id":4656,"date":"2023-03-08T17:16:02","date_gmt":"2023-03-08T16:16:02","guid":{"rendered":"https:\/\/develop.immobilienbusiness.ch\/?p=4656"},"modified":"2023-03-08T17:16:02","modified_gmt":"2023-03-08T16:16:02","slug":"landquart-gr-fonds-kauft-geschaeftshaus-an-der-bahnhofstrasse-fuer-11-mio-chf","status":"publish","type":"post","link":"https:\/\/develop.immobilienbusiness.ch\/it\/ib\/2023-03-08\/landquart-gr-fonds-kauft-geschaeftshaus-an-der-bahnhofstrasse-fuer-11-mio-chf\/","title":{"rendered":"Landquart (GR): Fonds kauft Gesch\u00e4ftshaus an der Bahnhofstrasse f\u00fcr 11 Mio. CHF"},"content":{"rendered":"<p>Der UBS-Fonds Swissreal hat ein modernes Gesch\u00e4ftshaus an der Bahnhofstrasse in Landquart (GR) akquiriert. Es liegt in der gut frequentierten Zentrumszone der Gemeinde. Die Hauptnutzfl\u00e4chen des teiloptierten Gesch\u00e4ftshauses sind \u00abnahezu vollvermietet\u00bb, teilt die UBS mit. Die vermietbare Fl\u00e4che der Liegenschaft betr\u00e4gt rund 3.200 qm, wobei sich rund 84% auf B\u00fcrofl\u00e4chen und ca. 16% auf Lager- und Nebennutzfl\u00e4che verteilen. Das Investitionsvolumen betr\u00e4gt rund 11 Mio. CHF. <i>(aw)<\/i><\/p>\n<p>&nbsp;<\/p>","protected":false},"excerpt":{"rendered":"<p>Ein Fonds der UBS hat eine Liegenschaft mit B\u00fcro- und Retailfl\u00e4che an der Bahnhofstrasse von Landquart (GR) erworben.<\/p>","protected":false},"author":28,"featured_media":0,"comment_status":"closed","ping_status":"closed","sticky":false,"template":"","format":"standard","meta":{"_acf_changed":false,"footnotes":""},"categories":[5],"tags":[7,56,761,38,16,760,459,41],"class_list":["post-4656","post","type-post","status-publish","format-standard","hentry","category-ib","tag-buro","tag-gr","tag-landquart","tag-logistik","tag-retail","tag-swissreal","tag-ubs","tag-verkauf"],"acf":[],"_links":{"self":[{"href":"https:\/\/develop.immobilienbusiness.ch\/it\/wp-json\/wp\/v2\/posts\/4656","targetHints":{"allow":["GET"]}}],"collection":[{"href":"https:\/\/develop.immobilienbusiness.ch\/it\/wp-json\/wp\/v2\/posts"}],"about":[{"href":"https:\/\/develop.immobilienbusiness.ch\/it\/wp-json\/wp\/v2\/types\/post"}],"author":[{"embeddable":true,"href":"https:\/\/develop.immobilienbusiness.ch\/it\/wp-json\/wp\/v2\/users\/28"}],"replies":[{"embeddable":true,"href":"https:\/\/develop.immobilienbusiness.ch\/it\/wp-json\/wp\/v2\/comments?post=4656"}],"version-history":[{"count":1,"href":"https:\/\/develop.immobilienbusiness.ch\/it\/wp-json\/wp\/v2\/posts\/4656\/revisions"}],"predecessor-version":[{"id":4657,"href":"https:\/\/develop.immobilienbusiness.ch\/it\/wp-json\/wp\/v2\/posts\/4656\/revisions\/4657"}],"wp:attachment":[{"href":"https:\/\/develop.immobilienbusiness.ch\/it\/wp-json\/wp\/v2\/media?parent=4656"}],"wp:term":[{"taxonomy":"category","embeddable":true,"href":"https:\/\/develop.immobilienbusiness.ch\/it\/wp-json\/wp\/v2\/categories?post=4656"},{"taxonomy":"post_tag","embeddable":true,"href":"https:\/\/develop.immobilienbusiness.ch\/it\/wp-json\/wp\/v2\/tags?post=4656"}],"curies":[{"name":"wp","href":"https:\/\/api.w.org\/{rel}","templated":true}]}}