{"id":4549,"date":"2023-02-17T09:14:38","date_gmt":"2023-02-17T08:14:38","guid":{"rendered":"https:\/\/develop.immobilienbusiness.ch\/?p=4549"},"modified":"2023-02-17T09:14:38","modified_gmt":"2023-02-17T08:14:38","slug":"fressnapf-neue-filiale-in-weinfelden-eroeffnet-sechs-neue-standorte-geplant","status":"publish","type":"post","link":"https:\/\/develop.immobilienbusiness.ch\/it\/ib\/2023-02-17\/fressnapf-neue-filiale-in-weinfelden-eroeffnet-sechs-neue-standorte-geplant\/","title":{"rendered":"Fressnapf: Neue Filiale in Weinfelden er\u00f6ffnet, sechs neue Standorte geplant"},"content":{"rendered":"<p>Der deutsche Tierbedarfsh\u00e4ndler Fressnapf hat Ende des vergangenen Jahres seine 64. Schweizer Filiale in Weinfelden (TG) er\u00f6ffnet. Sie befindet sich an der Walkestrasse 36 und verf\u00fcgt \u00fcber eine Verkaufsfl\u00e4che von 370 qm. Zuvor hatte die Kette in Luzern-Littau auf 320 qm im Bodenhof 7 einen neuen Verkaufspunkt in Betrieb genommen. Im Jahr 2023 sollen sechs neue Filialen hinzukommen, k\u00fcndigte das Unternehmen an. <i>(aw)<\/i><\/p>\n<p>&nbsp;<\/p>","protected":false},"excerpt":{"rendered":"<p>Der Tierbedarfs-Filialist Fressnapf hat zuletzt in Weinfelden (TG) er\u00f6ffnet und plant im laufenden Jahr sechs neue L\u00e4den.<\/p>","protected":false},"author":28,"featured_media":0,"comment_status":"closed","ping_status":"closed","sticky":false,"template":"","format":"standard","meta":{"_acf_changed":false,"footnotes":""},"categories":[5],"tags":[680,16,40],"class_list":["post-4549","post","type-post","status-publish","format-standard","hentry","category-ib","tag-potenzieller-mieter","tag-retail","tag-vermietung"],"acf":[],"_links":{"self":[{"href":"https:\/\/develop.immobilienbusiness.ch\/it\/wp-json\/wp\/v2\/posts\/4549","targetHints":{"allow":["GET"]}}],"collection":[{"href":"https:\/\/develop.immobilienbusiness.ch\/it\/wp-json\/wp\/v2\/posts"}],"about":[{"href":"https:\/\/develop.immobilienbusiness.ch\/it\/wp-json\/wp\/v2\/types\/post"}],"author":[{"embeddable":true,"href":"https:\/\/develop.immobilienbusiness.ch\/it\/wp-json\/wp\/v2\/users\/28"}],"replies":[{"embeddable":true,"href":"https:\/\/develop.immobilienbusiness.ch\/it\/wp-json\/wp\/v2\/comments?post=4549"}],"version-history":[{"count":1,"href":"https:\/\/develop.immobilienbusiness.ch\/it\/wp-json\/wp\/v2\/posts\/4549\/revisions"}],"predecessor-version":[{"id":4550,"href":"https:\/\/develop.immobilienbusiness.ch\/it\/wp-json\/wp\/v2\/posts\/4549\/revisions\/4550"}],"wp:attachment":[{"href":"https:\/\/develop.immobilienbusiness.ch\/it\/wp-json\/wp\/v2\/media?parent=4549"}],"wp:term":[{"taxonomy":"category","embeddable":true,"href":"https:\/\/develop.immobilienbusiness.ch\/it\/wp-json\/wp\/v2\/categories?post=4549"},{"taxonomy":"post_tag","embeddable":true,"href":"https:\/\/develop.immobilienbusiness.ch\/it\/wp-json\/wp\/v2\/tags?post=4549"}],"curies":[{"name":"wp","href":"https:\/\/api.w.org\/{rel}","templated":true}]}}