{"id":4530,"date":"2023-02-15T19:57:15","date_gmt":"2023-02-15T18:57:15","guid":{"rendered":"https:\/\/develop.immobilienbusiness.ch\/?p=4530"},"modified":"2023-02-15T19:57:15","modified_gmt":"2023-02-15T18:57:15","slug":"elgg-zh-zweite-etappe-der-ueberbauung-aentenschnabel-fuer-2024-erwartet","status":"publish","type":"post","link":"https:\/\/develop.immobilienbusiness.ch\/it\/ib\/2023-02-15\/elgg-zh-zweite-etappe-der-ueberbauung-aentenschnabel-fuer-2024-erwartet\/","title":{"rendered":"Elgg (ZH): Zweite Etappe der \u00dcberbauung \u00ab\u00c4ntenschnabel\u00bb f\u00fcr 2024 erwartet"},"content":{"rendered":"<p>In Elgg (ZH) entstehen rund 140 Wohnungen in der \u00dcberbauung \u00ab\u00c4ntenschnabel\u00bb. Die erste Bauetappe mit Eigentumswohnungen ist bereits im Bau, f\u00fcr die zweite Etappe mit 72 Mietwohnungen und drei Gewerbefl\u00e4che wird der Baubeginn im n\u00e4chsten Jahr erwartet. Bauherrin ist die Firma Mabag AG aus Winterthur. Entworfen hat die insgesamt acht Geb\u00e4ude das B\u00fcro Leutwyler Partner <em>Architekten. <\/em><em><i>(aw)<\/i><\/em><\/p>\n<p>&nbsp;<\/p>","protected":false},"excerpt":{"rendered":"<p>In Elgg sind knapp 70 Eigentumswohnungen im Rahmen der \u00dcberbauung \u00ab\u00c4ntenschnabel\u00bb bereits im Bau. \u00c4hnlich viele Mietwohnungen sollen vom n\u00e4chsten Jahr an folgen.<\/p>","protected":false},"author":28,"featured_media":0,"comment_status":"closed","ping_status":"closed","sticky":false,"template":"","format":"standard","meta":{"_acf_changed":false,"footnotes":""},"categories":[5],"tags":[226,709,711,710,183,216,96,42],"class_list":["post-4530","post","type-post","status-publish","format-standard","hentry","category-ib","tag-eigentumswohnungen","tag-elgg","tag-leutwyler-partner-architekten","tag-mabag-ag","tag-mietwohnungen","tag-projekt-in-bau","tag-projekt-in-planung","tag-zh"],"acf":[],"_links":{"self":[{"href":"https:\/\/develop.immobilienbusiness.ch\/it\/wp-json\/wp\/v2\/posts\/4530","targetHints":{"allow":["GET"]}}],"collection":[{"href":"https:\/\/develop.immobilienbusiness.ch\/it\/wp-json\/wp\/v2\/posts"}],"about":[{"href":"https:\/\/develop.immobilienbusiness.ch\/it\/wp-json\/wp\/v2\/types\/post"}],"author":[{"embeddable":true,"href":"https:\/\/develop.immobilienbusiness.ch\/it\/wp-json\/wp\/v2\/users\/28"}],"replies":[{"embeddable":true,"href":"https:\/\/develop.immobilienbusiness.ch\/it\/wp-json\/wp\/v2\/comments?post=4530"}],"version-history":[{"count":1,"href":"https:\/\/develop.immobilienbusiness.ch\/it\/wp-json\/wp\/v2\/posts\/4530\/revisions"}],"predecessor-version":[{"id":4531,"href":"https:\/\/develop.immobilienbusiness.ch\/it\/wp-json\/wp\/v2\/posts\/4530\/revisions\/4531"}],"wp:attachment":[{"href":"https:\/\/develop.immobilienbusiness.ch\/it\/wp-json\/wp\/v2\/media?parent=4530"}],"wp:term":[{"taxonomy":"category","embeddable":true,"href":"https:\/\/develop.immobilienbusiness.ch\/it\/wp-json\/wp\/v2\/categories?post=4530"},{"taxonomy":"post_tag","embeddable":true,"href":"https:\/\/develop.immobilienbusiness.ch\/it\/wp-json\/wp\/v2\/tags?post=4530"}],"curies":[{"name":"wp","href":"https:\/\/api.w.org\/{rel}","templated":true}]}}