{"id":4518,"date":"2023-02-15T18:48:46","date_gmt":"2023-02-15T17:48:46","guid":{"rendered":"https:\/\/develop.immobilienbusiness.ch\/?p=4518"},"modified":"2023-02-15T18:48:46","modified_gmt":"2023-02-15T17:48:46","slug":"otelfingen-zh-auf-4-hektaren-koennen-bis-zu-300-wohnungen-entstehen","status":"publish","type":"post","link":"https:\/\/develop.immobilienbusiness.ch\/it\/ib\/2023-02-15\/otelfingen-zh-auf-4-hektaren-koennen-bis-zu-300-wohnungen-entstehen\/","title":{"rendered":"Otelfingen (ZH): Auf 4 Hektaren k\u00f6nnen bis zu 300 Wohnungen entstehen"},"content":{"rendered":"<p>In Otelfingen (ZH) soll ein 4,2 Hektaren grosses Gebiet bebaut werden. Der Quartierplan \u00abBr\u00fcel Nord\u00bb, der das Vorhaben zwischen Dorfkern und Bahnhof regelt, liegt nach Angaben der Gemeinde zur Vorpr\u00fcfung beim Kanton. Danach sollen die Pl\u00e4ne aufgelegt werden.<\/p>\n<p>Die Pl\u00e4ne f\u00fcr das Areal mit insgesamt 13 Grundst\u00fccken stammen von JOM Architekten, die sich 2019 in einem Wettbewerb durchgesetzt haben. Laut einem fr\u00fcheren Bericht der \u00abFurttaler Zeitung\u00bb k\u00f6nnen im Rahmen des Projekts 200 bis 300 Wohnungen entstehen. <i>(aw)<\/i><\/p>","protected":false},"excerpt":{"rendered":"<p>In Otelfingen (ZH) ist die Bebauung einer Brache zwischen Bahnhof und Dorfkern geplant. Laut Quartierplan von JOM Architekten k\u00f6nnen 200 bis 300 Wohnungen entstehen.<\/p>","protected":false},"author":28,"featured_media":0,"comment_status":"closed","ping_status":"closed","sticky":false,"template":"","format":"standard","meta":{"_acf_changed":false,"footnotes":""},"categories":[5],"tags":[707,706,96,203,42],"class_list":["post-4518","post","type-post","status-publish","format-standard","hentry","category-ib","tag-jom-architekten","tag-otelfingen","tag-projekt-in-planung","tag-wohnungen","tag-zh"],"acf":[],"_links":{"self":[{"href":"https:\/\/develop.immobilienbusiness.ch\/it\/wp-json\/wp\/v2\/posts\/4518","targetHints":{"allow":["GET"]}}],"collection":[{"href":"https:\/\/develop.immobilienbusiness.ch\/it\/wp-json\/wp\/v2\/posts"}],"about":[{"href":"https:\/\/develop.immobilienbusiness.ch\/it\/wp-json\/wp\/v2\/types\/post"}],"author":[{"embeddable":true,"href":"https:\/\/develop.immobilienbusiness.ch\/it\/wp-json\/wp\/v2\/users\/28"}],"replies":[{"embeddable":true,"href":"https:\/\/develop.immobilienbusiness.ch\/it\/wp-json\/wp\/v2\/comments?post=4518"}],"version-history":[{"count":1,"href":"https:\/\/develop.immobilienbusiness.ch\/it\/wp-json\/wp\/v2\/posts\/4518\/revisions"}],"predecessor-version":[{"id":4519,"href":"https:\/\/develop.immobilienbusiness.ch\/it\/wp-json\/wp\/v2\/posts\/4518\/revisions\/4519"}],"wp:attachment":[{"href":"https:\/\/develop.immobilienbusiness.ch\/it\/wp-json\/wp\/v2\/media?parent=4518"}],"wp:term":[{"taxonomy":"category","embeddable":true,"href":"https:\/\/develop.immobilienbusiness.ch\/it\/wp-json\/wp\/v2\/categories?post=4518"},{"taxonomy":"post_tag","embeddable":true,"href":"https:\/\/develop.immobilienbusiness.ch\/it\/wp-json\/wp\/v2\/tags?post=4518"}],"curies":[{"name":"wp","href":"https:\/\/api.w.org\/{rel}","templated":true}]}}