{"id":43,"date":"2019-12-15T20:09:36","date_gmt":"2019-12-15T19:09:36","guid":{"rendered":"https:\/\/develop.immobilienbusiness.ch\/de\/allgemein\/2019-12-15\/luzern-wiedereroffnung-des-palace-ende-2020\/"},"modified":"2019-12-15T20:09:36","modified_gmt":"2019-12-15T19:09:36","slug":"luzern-wiedereroffnung-des-palace-ende-2020","status":"publish","type":"post","link":"https:\/\/develop.immobilienbusiness.ch\/it\/ib\/2019-12-15\/luzern-wiedereroffnung-des-palace-ende-2020\/","title":{"rendered":"Luzern: Wiederer\u00f6ffnung des Palace Ende 2020"},"content":{"rendered":"<p>Der Umbau des Hotel Palace am Nationalquai in Luzern soll im Oktober 2020 beendet sein. Dann wird das F\u00fcnfsternehotel von der Mandarin Oriental Gruppe gef\u00fchrt.<\/p>\n<p>Das Palace hat in j\u00fcngster Vergangenheit einige Eigent\u00fcmerwechsel hinter sich: 2011 verkaufte die Victoria Jungfrau Collection es f\u00fcr rund 30 Millionen CHF von einen Immobilienfonds der Credit Suisse,\u00a0im Dezember 2015 \u00fcbernahm der chinesische Investor Yunfeng Gao die Immobilie. Betreiber war weiterhin die Victoria-Jungfrau Collection.<\/p>\n<p>Im Oktober 2017 wurde das Hotel f\u00fcr einen Umbau geschlossen, der allerdings erst ein Jahr sp\u00e4ter begann und 100 Millionen CHF kosten soll. Nach den Baumassnahmen\u00a0wird das Hotel 147 Zimmer und eine Suite haben, zuvor waren es 129 G\u00e4stezimmer.<\/p>","protected":false},"excerpt":{"rendered":"<p>Das Luzerner Luxushotel Palace soll nach einem Umbau im Oktober 2020 wiederer\u00f6ffnet werden.<\/p>","protected":false},"author":23,"featured_media":0,"comment_status":"closed","ping_status":"closed","sticky":false,"template":"","format":"standard","meta":{"_acf_changed":false,"footnotes":""},"categories":[5],"tags":[9,10],"class_list":["post-43","post","type-post","status-publish","format-standard","hentry","category-ib","tag-hotels","tag-lu"],"acf":[],"_links":{"self":[{"href":"https:\/\/develop.immobilienbusiness.ch\/it\/wp-json\/wp\/v2\/posts\/43","targetHints":{"allow":["GET"]}}],"collection":[{"href":"https:\/\/develop.immobilienbusiness.ch\/it\/wp-json\/wp\/v2\/posts"}],"about":[{"href":"https:\/\/develop.immobilienbusiness.ch\/it\/wp-json\/wp\/v2\/types\/post"}],"author":[{"embeddable":true,"href":"https:\/\/develop.immobilienbusiness.ch\/it\/wp-json\/wp\/v2\/users\/23"}],"replies":[{"embeddable":true,"href":"https:\/\/develop.immobilienbusiness.ch\/it\/wp-json\/wp\/v2\/comments?post=43"}],"version-history":[{"count":0,"href":"https:\/\/develop.immobilienbusiness.ch\/it\/wp-json\/wp\/v2\/posts\/43\/revisions"}],"wp:attachment":[{"href":"https:\/\/develop.immobilienbusiness.ch\/it\/wp-json\/wp\/v2\/media?parent=43"}],"wp:term":[{"taxonomy":"category","embeddable":true,"href":"https:\/\/develop.immobilienbusiness.ch\/it\/wp-json\/wp\/v2\/categories?post=43"},{"taxonomy":"post_tag","embeddable":true,"href":"https:\/\/develop.immobilienbusiness.ch\/it\/wp-json\/wp\/v2\/tags?post=43"}],"curies":[{"name":"wp","href":"https:\/\/api.w.org\/{rel}","templated":true}]}}