{"id":4174,"date":"2022-12-26T20:19:31","date_gmt":"2022-12-26T19:19:31","guid":{"rendered":"https:\/\/develop.immobilienbusiness.ch\/?p=4174"},"modified":"2022-12-26T20:19:31","modified_gmt":"2022-12-26T19:19:31","slug":"bern-einsprachen-gegen-95-millionen-teures-projekt-festhalle-abgewiesen","status":"publish","type":"post","link":"https:\/\/develop.immobilienbusiness.ch\/it\/ib\/2022-12-26\/bern-einsprachen-gegen-95-millionen-teures-projekt-festhalle-abgewiesen\/","title":{"rendered":"Bern: Einsprachen gegen 95 Millionen teures Projekt Festhalle abgewiesen"},"content":{"rendered":"<p>In Bern hat das Regierungsstatthalteramt Bern-Mittelland die Baubewilligung f\u00fcr den Abbruch der bestehenden Festhalle und f\u00fcr den Bau einer neuen Multifunktionshalle auf dem Messegel\u00e4nde der Stadt Bern erteilt. Gegen das Baugesuch waren w\u00e4hrend der \u00f6ffentlichen Bekanntmachung zwei Einsprachen eingegangen. Das Regierungsstatthalteramt Bern-Mittelland stellte bei seiner Pr\u00fcfung des Baugesuches fest, dass den Beanstandungen, etwa bei der Verkehrsf\u00fchrung oder der Parkplatzbewirtschaftung, bereits mit der bestehenden \u00dcberbauungsordnung Rechnung getragen wird.zudem kam das kantonale Amt f\u00fcr Umwelt und Energie zum Schluss, dass das Bauvorhaben auf dem Expo-Areal umweltvertr\u00e4glich ist.<\/p>\n<p>Geplant ist ein Veranstaltungsort f\u00fcr bis zu 9.000 Personen. Das Investitionsvolumen wird auf 95 Mio. CHF veranschlagt. IB berichtete zuletzt <a href=\"https:\/\/www.immobilienbusiness.ch\/de\/regionen\/2021-03-08\/bern-neue-festhalle-kann-gebaut-werden\/\" target=\"_blank\" rel=\"noopener\">hier<\/a> \u00fcber das Vorhaben. <em>(aw)<\/em><\/p>","protected":false},"excerpt":{"rendered":"<p>Die Regierungstatthalterin hat in Bern Widerst\u00e4nde gegen den Bau einer Festhalle auf dem Expo-Areal aus dem Weg ger\u00e4umt.<\/p>","protected":false},"author":28,"featured_media":0,"comment_status":"closed","ping_status":"closed","sticky":false,"template":"","format":"standard","meta":{"_acf_changed":false,"footnotes":""},"categories":[5],"tags":[217,473,96],"class_list":["post-4174","post","type-post","status-publish","format-standard","hentry","category-ib","tag-bern","tag-freizeit","tag-projekt-in-planung"],"acf":[],"_links":{"self":[{"href":"https:\/\/develop.immobilienbusiness.ch\/it\/wp-json\/wp\/v2\/posts\/4174","targetHints":{"allow":["GET"]}}],"collection":[{"href":"https:\/\/develop.immobilienbusiness.ch\/it\/wp-json\/wp\/v2\/posts"}],"about":[{"href":"https:\/\/develop.immobilienbusiness.ch\/it\/wp-json\/wp\/v2\/types\/post"}],"author":[{"embeddable":true,"href":"https:\/\/develop.immobilienbusiness.ch\/it\/wp-json\/wp\/v2\/users\/28"}],"replies":[{"embeddable":true,"href":"https:\/\/develop.immobilienbusiness.ch\/it\/wp-json\/wp\/v2\/comments?post=4174"}],"version-history":[{"count":1,"href":"https:\/\/develop.immobilienbusiness.ch\/it\/wp-json\/wp\/v2\/posts\/4174\/revisions"}],"predecessor-version":[{"id":4175,"href":"https:\/\/develop.immobilienbusiness.ch\/it\/wp-json\/wp\/v2\/posts\/4174\/revisions\/4175"}],"wp:attachment":[{"href":"https:\/\/develop.immobilienbusiness.ch\/it\/wp-json\/wp\/v2\/media?parent=4174"}],"wp:term":[{"taxonomy":"category","embeddable":true,"href":"https:\/\/develop.immobilienbusiness.ch\/it\/wp-json\/wp\/v2\/categories?post=4174"},{"taxonomy":"post_tag","embeddable":true,"href":"https:\/\/develop.immobilienbusiness.ch\/it\/wp-json\/wp\/v2\/tags?post=4174"}],"curies":[{"name":"wp","href":"https:\/\/api.w.org\/{rel}","templated":true}]}}