{"id":417,"date":"2020-06-09T09:12:50","date_gmt":"2020-06-09T07:12:50","guid":{"rendered":"https:\/\/develop.immobilienbusiness.ch\/de\/allgemein\/2020-06-09\/decathlon-kooperiert-mit-fnac-schweiz\/"},"modified":"2020-06-09T09:12:50","modified_gmt":"2020-06-09T07:12:50","slug":"decathlon-kooperiert-mit-fnac-schweiz","status":"publish","type":"post","link":"https:\/\/develop.immobilienbusiness.ch\/it\/ib\/2020-06-09\/decathlon-kooperiert-mit-fnac-schweiz\/","title":{"rendered":"Decathlon kooperiert mit Fnac Schweiz"},"content":{"rendered":"<p>Wie Decathlon mitteilt, sollen k\u00fcnftig Artikel aus dem Sortiment \u00ablangsame Mobilit\u00e4t\u00bb in den Fnac-Filialen in der franz\u00f6sischsprachigen Schweiz angeboten werden. Dies sei die erste Phase der neuen Strategie. Man strebe zahlreiche Partnerschaften auf dem Schweizer Markt an. Der Mitteilung zufolge seien die Einf\u00fchrung von Decathlon-Corners in potenziellen Partnergesch\u00e4ften oder die Entwicklung von Franchise-Gesch\u00e4ften ebenfalls Teil dieser Strategie.<\/p>\n<p>Derzeit erreicht Decathlon mit den 23 Gesch\u00e4ften in der Schweiz nach eigenen Angaben rund 20% der Bev\u00f6lkerung. Auf internationaler Ebene betreibt das Unternehmen mehr als 1.650 Verkaufsstellen, besch\u00e4ftigt mehr als 92.000 Mitarbeitende und hat zuletzt einen Umsatz von \u00fcber 12,4 Milliarden Euro erzielt.<\/p>","protected":false},"excerpt":{"rendered":"<p>Der Sportartikelh\u00e4ndler Decathlon will seine Produkte k\u00fcnftig auch \u00fcber Drittanbieter vertreiben. Mit Fnac Schweiz wurde ein erster Partner gefunden.<\/p>","protected":false},"author":23,"featured_media":0,"comment_status":"closed","ping_status":"closed","sticky":false,"template":"","format":"standard","meta":{"_acf_changed":false,"footnotes":""},"categories":[5],"tags":[16],"class_list":["post-417","post","type-post","status-publish","format-standard","hentry","category-ib","tag-retail"],"acf":[],"_links":{"self":[{"href":"https:\/\/develop.immobilienbusiness.ch\/it\/wp-json\/wp\/v2\/posts\/417","targetHints":{"allow":["GET"]}}],"collection":[{"href":"https:\/\/develop.immobilienbusiness.ch\/it\/wp-json\/wp\/v2\/posts"}],"about":[{"href":"https:\/\/develop.immobilienbusiness.ch\/it\/wp-json\/wp\/v2\/types\/post"}],"author":[{"embeddable":true,"href":"https:\/\/develop.immobilienbusiness.ch\/it\/wp-json\/wp\/v2\/users\/23"}],"replies":[{"embeddable":true,"href":"https:\/\/develop.immobilienbusiness.ch\/it\/wp-json\/wp\/v2\/comments?post=417"}],"version-history":[{"count":0,"href":"https:\/\/develop.immobilienbusiness.ch\/it\/wp-json\/wp\/v2\/posts\/417\/revisions"}],"wp:attachment":[{"href":"https:\/\/develop.immobilienbusiness.ch\/it\/wp-json\/wp\/v2\/media?parent=417"}],"wp:term":[{"taxonomy":"category","embeddable":true,"href":"https:\/\/develop.immobilienbusiness.ch\/it\/wp-json\/wp\/v2\/categories?post=417"},{"taxonomy":"post_tag","embeddable":true,"href":"https:\/\/develop.immobilienbusiness.ch\/it\/wp-json\/wp\/v2\/tags?post=417"}],"curies":[{"name":"wp","href":"https:\/\/api.w.org\/{rel}","templated":true}]}}