{"id":4054,"date":"2022-12-11T19:08:47","date_gmt":"2022-12-11T18:08:47","guid":{"rendered":"https:\/\/develop.immobilienbusiness.ch\/?p=4054"},"modified":"2022-12-11T19:08:47","modified_gmt":"2022-12-11T18:08:47","slug":"effretikon-zh-multiple-sklerose-zentrum-fuer-12-mio-chf-geplant","status":"publish","type":"post","link":"https:\/\/develop.immobilienbusiness.ch\/it\/ib\/2022-12-11\/effretikon-zh-multiple-sklerose-zentrum-fuer-12-mio-chf-geplant\/","title":{"rendered":"Effretikon (ZH): Multiple-Sklerose-Zentrum f\u00fcr 12 Mio. CHF geplant"},"content":{"rendered":"<p>Die Schweizerische Multiple Sklerose Gesellschaft schafft f\u00fcr ihre Patientinnen und Patienten beim Bahnhof Effretikon ein neues nationales Zentrum. Unterst\u00fctzt wird dieses Vorhaben durch den Regierungsrat. Das heutige Zentrum an der Josefstrasse in Z\u00fcrich soll aufgegeben werden. Wie der Landbote berichtet, hat die Gesellschaft die neuen R\u00e4ume im Stockwerkeigentum erworben. Im selben Haus w\u00fcrden auch neurologische Praxen einziehen.<\/p>\n<p>Eine Vorlage der Stadt Effretikon aus dem Jahr 2019 nennt die MS-Gesellschaft als wahrscheinliche Nutzerin von 2.000 bis 2.500 qm auf einem Baufeld an der R\u00fctlistrasse am Bahnhof Effretikon, das der OMG Projekt aus Winterthuir geh\u00f6rt.<\/p>","protected":false},"excerpt":{"rendered":"<p>Am Bahnhof in Effretikon entsteht ein nationales Zentrum f\u00fcr die Behandlung der Krankheit Multiple Sklerose.<\/p>","protected":false},"author":28,"featured_media":0,"comment_status":"closed","ping_status":"closed","sticky":false,"template":"","format":"standard","meta":{"_acf_changed":false,"footnotes":""},"categories":[5],"tags":[535,142,536,96,42],"class_list":["post-4054","post","type-post","status-publish","format-standard","hentry","category-ib","tag-effretikon","tag-gesundheitsimmobilien","tag-kauf","tag-projekt-in-planung","tag-zh"],"acf":[],"_links":{"self":[{"href":"https:\/\/develop.immobilienbusiness.ch\/it\/wp-json\/wp\/v2\/posts\/4054","targetHints":{"allow":["GET"]}}],"collection":[{"href":"https:\/\/develop.immobilienbusiness.ch\/it\/wp-json\/wp\/v2\/posts"}],"about":[{"href":"https:\/\/develop.immobilienbusiness.ch\/it\/wp-json\/wp\/v2\/types\/post"}],"author":[{"embeddable":true,"href":"https:\/\/develop.immobilienbusiness.ch\/it\/wp-json\/wp\/v2\/users\/28"}],"replies":[{"embeddable":true,"href":"https:\/\/develop.immobilienbusiness.ch\/it\/wp-json\/wp\/v2\/comments?post=4054"}],"version-history":[{"count":1,"href":"https:\/\/develop.immobilienbusiness.ch\/it\/wp-json\/wp\/v2\/posts\/4054\/revisions"}],"predecessor-version":[{"id":4055,"href":"https:\/\/develop.immobilienbusiness.ch\/it\/wp-json\/wp\/v2\/posts\/4054\/revisions\/4055"}],"wp:attachment":[{"href":"https:\/\/develop.immobilienbusiness.ch\/it\/wp-json\/wp\/v2\/media?parent=4054"}],"wp:term":[{"taxonomy":"category","embeddable":true,"href":"https:\/\/develop.immobilienbusiness.ch\/it\/wp-json\/wp\/v2\/categories?post=4054"},{"taxonomy":"post_tag","embeddable":true,"href":"https:\/\/develop.immobilienbusiness.ch\/it\/wp-json\/wp\/v2\/tags?post=4054"}],"curies":[{"name":"wp","href":"https:\/\/api.w.org\/{rel}","templated":true}]}}