{"id":384,"date":"2020-05-22T18:57:40","date_gmt":"2020-05-22T16:57:40","guid":{"rendered":"https:\/\/develop.immobilienbusiness.ch\/de\/allgemein\/2020-05-22\/sursee-wbg-plant-neubauten\/"},"modified":"2020-05-22T18:57:40","modified_gmt":"2020-05-22T16:57:40","slug":"sursee-wbg-plant-neubauten","status":"publish","type":"post","link":"https:\/\/develop.immobilienbusiness.ch\/it\/ib\/2020-05-22\/sursee-wbg-plant-neubauten\/","title":{"rendered":"Sursee: WBG plant Neubauten"},"content":{"rendered":"<p lang=\"DE-DE\" xml:lang=\"DE-DE\"><a href=\"https:\/\/www.luzernerzeitung.ch\/zentralschweiz\/luzern\/bald-soll-in-sursee-noch-mehr-wohnraum-entstehen-ld.1222160\">Wie die <em>Luzerner Zeitung<\/em><\/a> von der Generalversammlung der WBG Sursee berichtet, will\u00a0die Genossenschaft\u00a0vier Grundst\u00fccke von einer Privatperson erwerben, es handelt sich um eine Fl\u00e4che von rund 3.350 qm.\u00a0\u00a0<\/p>\n<p lang=\"DE-DE\" xml:lang=\"DE-DE\">Im\u00a0Zellhof\u00a0an der\u00a0Geuensee- und\u00a0Klosterstrasse\u00a0gelegen, soll bis sp\u00e4testens 2023 ein Neubau mit Mietwohnungen erstellen. Eine Detailplanung gebe es noch nicht, aber auf der Fl\u00e4che seien 22 Wohnungen realisierbar, insbesondere mehrere 3,5- und 4,5-Zimmer-Wohnungen, sowie eine B\u00fcrofl\u00e4che. Eine 85 qm\u00a0grosse\u00a03,5-Zimmer-Wohnungen soll f\u00fcr rund 1.340 CHF vermietet werden, eine 4,5-Zimmer-Wohnungen mit 110 qm f\u00fcr rund 1.510 CHF pro Monat. \u00a0\u00a0<\/p>","protected":false},"excerpt":{"rendered":"<p>Die\u00a0Wohnbaugenossenschaft f\u00fcr die Familie Sursee (WBG) plant in Sursee (LU) einen Grundst\u00fcckkauf, um neue Wohnungen zu bauen.\u00a0<\/p>","protected":false},"author":23,"featured_media":0,"comment_status":"closed","ping_status":"closed","sticky":false,"template":"","format":"standard","meta":{"_acf_changed":false,"footnotes":""},"categories":[5],"tags":[11,10,4],"class_list":["post-384","post","type-post","status-publish","format-standard","hentry","category-ib","tag-in-planung","tag-lu","tag-mehrfamilienhaus-miete"],"acf":[],"_links":{"self":[{"href":"https:\/\/develop.immobilienbusiness.ch\/it\/wp-json\/wp\/v2\/posts\/384","targetHints":{"allow":["GET"]}}],"collection":[{"href":"https:\/\/develop.immobilienbusiness.ch\/it\/wp-json\/wp\/v2\/posts"}],"about":[{"href":"https:\/\/develop.immobilienbusiness.ch\/it\/wp-json\/wp\/v2\/types\/post"}],"author":[{"embeddable":true,"href":"https:\/\/develop.immobilienbusiness.ch\/it\/wp-json\/wp\/v2\/users\/23"}],"replies":[{"embeddable":true,"href":"https:\/\/develop.immobilienbusiness.ch\/it\/wp-json\/wp\/v2\/comments?post=384"}],"version-history":[{"count":0,"href":"https:\/\/develop.immobilienbusiness.ch\/it\/wp-json\/wp\/v2\/posts\/384\/revisions"}],"wp:attachment":[{"href":"https:\/\/develop.immobilienbusiness.ch\/it\/wp-json\/wp\/v2\/media?parent=384"}],"wp:term":[{"taxonomy":"category","embeddable":true,"href":"https:\/\/develop.immobilienbusiness.ch\/it\/wp-json\/wp\/v2\/categories?post=384"},{"taxonomy":"post_tag","embeddable":true,"href":"https:\/\/develop.immobilienbusiness.ch\/it\/wp-json\/wp\/v2\/tags?post=384"}],"curies":[{"name":"wp","href":"https:\/\/api.w.org\/{rel}","templated":true}]}}