{"id":3761,"date":"2022-11-08T19:07:09","date_gmt":"2022-11-08T18:07:09","guid":{"rendered":"https:\/\/develop.immobilienbusiness.ch\/?p=3761"},"modified":"2022-11-08T19:07:09","modified_gmt":"2022-11-08T18:07:09","slug":"winterthur-julian-c-fischer-gewinnt-wettbewerb-fuer-pflegeheim-adlergarten","status":"publish","type":"post","link":"https:\/\/develop.immobilienbusiness.ch\/it\/ib\/2022-11-08\/winterthur-julian-c-fischer-gewinnt-wettbewerb-fuer-pflegeheim-adlergarten\/","title":{"rendered":"Winterthur: Julian C. Fischer gewinnt Wettbewerb f\u00fcr Pflegeheim Adlergarten"},"content":{"rendered":"<p><img loading=\"lazy\" decoding=\"async\" class=\"alignnone size-medium wp-image-3762\" src=\"https:\/\/develop.immobilienbusiness.ch\/wp-content\/uploads\/2022\/11\/Adlergarten-240x300.png\" alt=\"\" width=\"240\" height=\"300\" srcset=\"https:\/\/develop.immobilienbusiness.ch\/wp-content\/uploads\/2022\/11\/Adlergarten-240x300.png 240w, https:\/\/develop.immobilienbusiness.ch\/wp-content\/uploads\/2022\/11\/Adlergarten-10x12.png 10w, https:\/\/develop.immobilienbusiness.ch\/wp-content\/uploads\/2022\/11\/Adlergarten-140x175.png 140w, https:\/\/develop.immobilienbusiness.ch\/wp-content\/uploads\/2022\/11\/Adlergarten-280x350.png 280w, https:\/\/develop.immobilienbusiness.ch\/wp-content\/uploads\/2022\/11\/Adlergarten-640x800.png 640w, https:\/\/develop.immobilienbusiness.ch\/wp-content\/uploads\/2022\/11\/Adlergarten-300x375.png 300w, https:\/\/develop.immobilienbusiness.ch\/wp-content\/uploads\/2022\/11\/Adlergarten.png 695w\" sizes=\"auto, (max-width: 240px) 100vw, 240px\" \/>In Winterthur ist der Projektwettbewerb f\u00fcr die Erweiterung des Alterszentrums Adlergarten entschieden worden. F\u00fcr 51 Mio. CHF soll ein neues Geb\u00e4ude mit 120 Pl\u00e4tzen entstehen. Von den 25 eingegangenen Beitr\u00e4gen haben sich die Entw\u00fcrfe des Teams Julian C. Fischer Architekten mit Albiez de Tomasi (Landschaftsarchitektur) und Egeter Partner (Bauingenieur) durchgesetzt.<\/p>\n<p>Der Neubau wird nach Fertigstellung zun\u00e4chst als Rochadefl\u00e4che f\u00fcr die Sanierungen von drei weiteren st\u00e4dtischen Alterszentren in Winterthur genutzt, bevor die 120 Pflegepl\u00e4tze durch das Alterszentrum Adlergarten betrieben werden.<\/p>\n<p>Die Stadt hatte im M\u00e4rz 2022 den Projektwettbewerb im offenen Verfahren ausgeschrieben. <i>(aw)<\/i><\/p>","protected":false},"excerpt":{"rendered":"<p>In Winterthur wird f\u00fcr 51 Mio. CHF ein Pflegeheim nach den Entw\u00fcrfen von Julian C. Fischer Architekten realisiert.<\/p>","protected":false},"author":28,"featured_media":0,"comment_status":"closed","ping_status":"closed","sticky":false,"template":"","format":"standard","meta":{"_acf_changed":false,"footnotes":""},"categories":[5],"tags":[211,434,193,42],"class_list":["post-3761","post","type-post","status-publish","format-standard","hentry","category-ib","tag-architektur","tag-pflege","tag-winterthur","tag-zh"],"acf":[],"_links":{"self":[{"href":"https:\/\/develop.immobilienbusiness.ch\/it\/wp-json\/wp\/v2\/posts\/3761","targetHints":{"allow":["GET"]}}],"collection":[{"href":"https:\/\/develop.immobilienbusiness.ch\/it\/wp-json\/wp\/v2\/posts"}],"about":[{"href":"https:\/\/develop.immobilienbusiness.ch\/it\/wp-json\/wp\/v2\/types\/post"}],"author":[{"embeddable":true,"href":"https:\/\/develop.immobilienbusiness.ch\/it\/wp-json\/wp\/v2\/users\/28"}],"replies":[{"embeddable":true,"href":"https:\/\/develop.immobilienbusiness.ch\/it\/wp-json\/wp\/v2\/comments?post=3761"}],"version-history":[{"count":1,"href":"https:\/\/develop.immobilienbusiness.ch\/it\/wp-json\/wp\/v2\/posts\/3761\/revisions"}],"predecessor-version":[{"id":3763,"href":"https:\/\/develop.immobilienbusiness.ch\/it\/wp-json\/wp\/v2\/posts\/3761\/revisions\/3763"}],"wp:attachment":[{"href":"https:\/\/develop.immobilienbusiness.ch\/it\/wp-json\/wp\/v2\/media?parent=3761"}],"wp:term":[{"taxonomy":"category","embeddable":true,"href":"https:\/\/develop.immobilienbusiness.ch\/it\/wp-json\/wp\/v2\/categories?post=3761"},{"taxonomy":"post_tag","embeddable":true,"href":"https:\/\/develop.immobilienbusiness.ch\/it\/wp-json\/wp\/v2\/tags?post=3761"}],"curies":[{"name":"wp","href":"https:\/\/api.w.org\/{rel}","templated":true}]}}