{"id":3672,"date":"2022-11-01T09:32:19","date_gmt":"2022-11-01T08:32:19","guid":{"rendered":"https:\/\/develop.immobilienbusiness.ch\/?p=3672"},"modified":"2022-11-01T09:32:19","modified_gmt":"2022-11-01T08:32:19","slug":"kanton-st-gallen-rheineck-sucht-ideen-fuer-11-ha-grosses-areal","status":"publish","type":"post","link":"https:\/\/develop.immobilienbusiness.ch\/it\/ib\/2022-11-01\/kanton-st-gallen-rheineck-sucht-ideen-fuer-11-ha-grosses-areal\/","title":{"rendered":"Kanton St. Gallen: Rheineck sucht Ideen f\u00fcr 1,1 ha grosses Areal"},"content":{"rendered":"<p>In Rheineck (SG) soll das Gr\u00fcenau-Areal entwickelt werden. Der Stadtrat hat im Sommer eine Initiative zur Einbindung der Bev\u00f6lkerung bei der Planung ins Leben gerufen. Im Jahr 2014 hatte die Stadt das Grundst\u00fcck \u201eTheresienheim\u201c erworben. Die darauf befindlichen Geb\u00e4ude wurden mit Blick auf die Arealentwicklung bereits abgebrochen. F\u00fcr den Planungsprozess ist die Raum Manufaktur AG zust\u00e4ndig. <i>(aw)<\/i><\/p>","protected":false},"excerpt":{"rendered":"<p>In Rheineck (SG) soll das Grundst\u00fcck \u201eTheresienheim\u201c, das der Stadt seit 2014 geh\u00f6rt, entwickelt werden.<\/p>","protected":false},"author":28,"featured_media":0,"comment_status":"closed","ping_status":"closed","sticky":false,"template":"","format":"standard","meta":{"_acf_changed":false,"footnotes":""},"categories":[5],"tags":[96,273,397,48,203],"class_list":["post-3672","post","type-post","status-publish","format-standard","hentry","category-ib","tag-projekt-in-planung","tag-quartiere","tag-rheineck","tag-sg","tag-wohnungen"],"acf":[],"_links":{"self":[{"href":"https:\/\/develop.immobilienbusiness.ch\/it\/wp-json\/wp\/v2\/posts\/3672","targetHints":{"allow":["GET"]}}],"collection":[{"href":"https:\/\/develop.immobilienbusiness.ch\/it\/wp-json\/wp\/v2\/posts"}],"about":[{"href":"https:\/\/develop.immobilienbusiness.ch\/it\/wp-json\/wp\/v2\/types\/post"}],"author":[{"embeddable":true,"href":"https:\/\/develop.immobilienbusiness.ch\/it\/wp-json\/wp\/v2\/users\/28"}],"replies":[{"embeddable":true,"href":"https:\/\/develop.immobilienbusiness.ch\/it\/wp-json\/wp\/v2\/comments?post=3672"}],"version-history":[{"count":1,"href":"https:\/\/develop.immobilienbusiness.ch\/it\/wp-json\/wp\/v2\/posts\/3672\/revisions"}],"predecessor-version":[{"id":3673,"href":"https:\/\/develop.immobilienbusiness.ch\/it\/wp-json\/wp\/v2\/posts\/3672\/revisions\/3673"}],"wp:attachment":[{"href":"https:\/\/develop.immobilienbusiness.ch\/it\/wp-json\/wp\/v2\/media?parent=3672"}],"wp:term":[{"taxonomy":"category","embeddable":true,"href":"https:\/\/develop.immobilienbusiness.ch\/it\/wp-json\/wp\/v2\/categories?post=3672"},{"taxonomy":"post_tag","embeddable":true,"href":"https:\/\/develop.immobilienbusiness.ch\/it\/wp-json\/wp\/v2\/tags?post=3672"}],"curies":[{"name":"wp","href":"https:\/\/api.w.org\/{rel}","templated":true}]}}