{"id":3611,"date":"2022-10-28T12:40:34","date_gmt":"2022-10-28T10:40:34","guid":{"rendered":"https:\/\/develop.immobilienbusiness.ch\/?p=3611"},"modified":"2022-10-28T12:40:34","modified_gmt":"2022-10-28T10:40:34","slug":"basel-kantonalbank-erhaelt-fuer-saniertes-buerohaus-minergie-p-label","status":"publish","type":"post","link":"https:\/\/develop.immobilienbusiness.ch\/it\/ib\/2022-10-28\/basel-kantonalbank-erhaelt-fuer-saniertes-buerohaus-minergie-p-label\/","title":{"rendered":"Basel: Kantonalbank erh\u00e4lt f\u00fcr saniertes B\u00fcrohaus Minergie-P-Label"},"content":{"rendered":"<figure id=\"attachment_3612\" aria-describedby=\"caption-attachment-3612\" style=\"width: 223px\" class=\"wp-caption alignnone\"><img loading=\"lazy\" decoding=\"async\" class=\"size-medium wp-image-3612\" src=\"https:\/\/develop.immobilienbusiness.ch\/wp-content\/uploads\/2022\/10\/BKB-223x300.png\" alt=\"\" width=\"223\" height=\"300\" srcset=\"https:\/\/develop.immobilienbusiness.ch\/wp-content\/uploads\/2022\/10\/BKB-223x300.png 223w, https:\/\/develop.immobilienbusiness.ch\/wp-content\/uploads\/2022\/10\/BKB-9x12.png 9w, https:\/\/develop.immobilienbusiness.ch\/wp-content\/uploads\/2022\/10\/BKB-130x175.png 130w, https:\/\/develop.immobilienbusiness.ch\/wp-content\/uploads\/2022\/10\/BKB-260x350.png 260w, https:\/\/develop.immobilienbusiness.ch\/wp-content\/uploads\/2022\/10\/BKB-594x800.png 594w, https:\/\/develop.immobilienbusiness.ch\/wp-content\/uploads\/2022\/10\/BKB-300x404.png 300w, https:\/\/develop.immobilienbusiness.ch\/wp-content\/uploads\/2022\/10\/BKB.png 754w\" sizes=\"auto, (max-width: 223px) 100vw, 223px\" \/><figcaption id=\"caption-attachment-3612\" class=\"wp-caption-text\">Das sanierte Geb\u00e4ude am Brunng\u00e4sslein (Bild: BKB)<\/figcaption><\/figure>\n<p>Das komplett sanierte Geb\u00e4ude der Basler Kantonalbank (BKB) am Brunng\u00e4sslein wird mit dem Minergie-P Standard zertifiziert. Es ist nach Angaben der Bank erst das zweite Verwaltungsgeb\u00e4ude im Kanton Basel-Stadt, das nach einer Sanierung diesen Standard erf\u00fcllt. Am Brunng\u00e4sslein sei der Energiebedarf f\u00fcr Heizung und K\u00fchlung um rund 50% gesenkt worden. Ausserdem wurde eine Fotovoltaik-Anlage installiert und auf dem begr\u00fcnten Flachdach Raum f\u00fcr Biodiversit\u00e4t geschaffen. Die Bruttogeschossfl\u00e4che am Brunng\u00e4sslein betr\u00e4gt 8.000 qm, die reine B\u00fcrofl\u00e4che 3.000 qm. <i>(aw)<\/i><\/p>\n<p>&nbsp;<\/p>","protected":false},"excerpt":{"rendered":"<p>Die Sanierung eines 8.000 qm grossen Verwaltungsbaus der BKB erhielt das Label Minergie P. Der Energiebedarf wurde halbiert.<\/p>","protected":false},"author":28,"featured_media":3612,"comment_status":"closed","ping_status":"closed","sticky":false,"template":"","format":"standard","meta":{"_acf_changed":false,"footnotes":""},"categories":[5],"tags":[150,7,3,171],"class_list":["post-3611","post","type-post","status-publish","format-standard","has-post-thumbnail","hentry","category-ib","tag-basel","tag-buro","tag-fertigstellung","tag-sanierung"],"acf":[],"_links":{"self":[{"href":"https:\/\/develop.immobilienbusiness.ch\/it\/wp-json\/wp\/v2\/posts\/3611","targetHints":{"allow":["GET"]}}],"collection":[{"href":"https:\/\/develop.immobilienbusiness.ch\/it\/wp-json\/wp\/v2\/posts"}],"about":[{"href":"https:\/\/develop.immobilienbusiness.ch\/it\/wp-json\/wp\/v2\/types\/post"}],"author":[{"embeddable":true,"href":"https:\/\/develop.immobilienbusiness.ch\/it\/wp-json\/wp\/v2\/users\/28"}],"replies":[{"embeddable":true,"href":"https:\/\/develop.immobilienbusiness.ch\/it\/wp-json\/wp\/v2\/comments?post=3611"}],"version-history":[{"count":1,"href":"https:\/\/develop.immobilienbusiness.ch\/it\/wp-json\/wp\/v2\/posts\/3611\/revisions"}],"predecessor-version":[{"id":3613,"href":"https:\/\/develop.immobilienbusiness.ch\/it\/wp-json\/wp\/v2\/posts\/3611\/revisions\/3613"}],"wp:featuredmedia":[{"embeddable":true,"href":"https:\/\/develop.immobilienbusiness.ch\/it\/wp-json\/wp\/v2\/media\/3612"}],"wp:attachment":[{"href":"https:\/\/develop.immobilienbusiness.ch\/it\/wp-json\/wp\/v2\/media?parent=3611"}],"wp:term":[{"taxonomy":"category","embeddable":true,"href":"https:\/\/develop.immobilienbusiness.ch\/it\/wp-json\/wp\/v2\/categories?post=3611"},{"taxonomy":"post_tag","embeddable":true,"href":"https:\/\/develop.immobilienbusiness.ch\/it\/wp-json\/wp\/v2\/tags?post=3611"}],"curies":[{"name":"wp","href":"https:\/\/api.w.org\/{rel}","templated":true}]}}