{"id":3491,"date":"2022-09-20T09:13:16","date_gmt":"2022-09-20T07:13:16","guid":{"rendered":"https:\/\/develop.immobilienbusiness.ch\/?p=3491"},"modified":"2022-09-20T09:13:16","modified_gmt":"2022-09-20T07:13:16","slug":"kanton-zuerich-drei-mehrfamilienhaeuser-in-embrach-geplant","status":"publish","type":"post","link":"https:\/\/develop.immobilienbusiness.ch\/it\/ib\/2022-09-20\/kanton-zuerich-drei-mehrfamilienhaeuser-in-embrach-geplant\/","title":{"rendered":"Kanton Z\u00fcrich: Drei Mehrfamilienh\u00e4user in Embrach geplant"},"content":{"rendered":"<p>Im Zentrum von Embrach (ZH) sollen drei Mehrfamilienh\u00e4user mit zehn Wohneinheiten gebaut werden. Vorgesehen f\u00fcr die \u00dcberbauung ist ein 3.800 qm grossen Grundst\u00fcck, auf dem auch die historische Villa Ganz steht. Nach Angaben des Architekturb\u00fcros Schibliholenstein betragen die geplanten Baukosten 10 Mio. CHF. Die Wohnungsgr\u00f6ssen reichen 2,5 bis 4,5 Zimmer. Laut einem Lokalzeitungsbericht wurden die Baugesuche bereits genehmigt. <i>(aw)<\/i><\/p>\n<p>&nbsp;<\/p>","protected":false},"excerpt":{"rendered":"<p>F\u00fcr 10 Mio. CHF sollen drei H\u00e4user mit zehn Wohnungen entstehen. Die Entw\u00fcrfe stammen vom B\u00fcro Schibliholstenstein.<\/p>","protected":false},"author":28,"featured_media":0,"comment_status":"closed","ping_status":"closed","sticky":false,"template":"","format":"standard","meta":{"_acf_changed":false,"footnotes":""},"categories":[5],"tags":[325,141,96,203],"class_list":["post-3491","post","type-post","status-publish","format-standard","hentry","category-ib","tag-embrach","tag-kanton-zuerich","tag-projekt-in-planung","tag-wohnungen"],"acf":[],"_links":{"self":[{"href":"https:\/\/develop.immobilienbusiness.ch\/it\/wp-json\/wp\/v2\/posts\/3491","targetHints":{"allow":["GET"]}}],"collection":[{"href":"https:\/\/develop.immobilienbusiness.ch\/it\/wp-json\/wp\/v2\/posts"}],"about":[{"href":"https:\/\/develop.immobilienbusiness.ch\/it\/wp-json\/wp\/v2\/types\/post"}],"author":[{"embeddable":true,"href":"https:\/\/develop.immobilienbusiness.ch\/it\/wp-json\/wp\/v2\/users\/28"}],"replies":[{"embeddable":true,"href":"https:\/\/develop.immobilienbusiness.ch\/it\/wp-json\/wp\/v2\/comments?post=3491"}],"version-history":[{"count":1,"href":"https:\/\/develop.immobilienbusiness.ch\/it\/wp-json\/wp\/v2\/posts\/3491\/revisions"}],"predecessor-version":[{"id":3492,"href":"https:\/\/develop.immobilienbusiness.ch\/it\/wp-json\/wp\/v2\/posts\/3491\/revisions\/3492"}],"wp:attachment":[{"href":"https:\/\/develop.immobilienbusiness.ch\/it\/wp-json\/wp\/v2\/media?parent=3491"}],"wp:term":[{"taxonomy":"category","embeddable":true,"href":"https:\/\/develop.immobilienbusiness.ch\/it\/wp-json\/wp\/v2\/categories?post=3491"},{"taxonomy":"post_tag","embeddable":true,"href":"https:\/\/develop.immobilienbusiness.ch\/it\/wp-json\/wp\/v2\/tags?post=3491"}],"curies":[{"name":"wp","href":"https:\/\/api.w.org\/{rel}","templated":true}]}}