{"id":3426,"date":"2022-09-12T10:09:17","date_gmt":"2022-09-12T08:09:17","guid":{"rendered":"https:\/\/develop.immobilienbusiness.ch\/?p=3426"},"modified":"2022-09-12T10:11:03","modified_gmt":"2022-09-12T08:11:03","slug":"kanton-graubuenden-gesellschaft-fuer-ressort-projekt-in-falera-vor-gruendung","status":"publish","type":"post","link":"https:\/\/develop.immobilienbusiness.ch\/it\/ib\/2022-09-12\/kanton-graubuenden-gesellschaft-fuer-ressort-projekt-in-falera-vor-gruendung\/","title":{"rendered":"Kanton Graub\u00fcnden: Gesellschaft f\u00fcr Ressort-Projekt in Falera vor Gr\u00fcndung"},"content":{"rendered":"<p>In Falera (GB) verfolgt die Gemeinde das Hotelprojekt \u201eLa Mutta\u201c weiter. M\u00f6glich wurde das Grossvorhaben vor einem Jahr durch eine Revision des Baugesetzes, das die Regierung des Kantons genehmigte. Wie die \u201eS\u00fcdostschweiz\u201c nun berichtet, soll eine Entwicklungsgesellschaft gegr\u00fcndet werden. An Bord seien die Z\u00fcrcher Blauhut AG &#8211; ein Immobilienentwickler &#8211; und die Weisse Arena Bergbahnen AG. In einer fr\u00fcheren Phase war die Steiner AG als Entwickler an dem Projekt beteiligt gewesen. Laut fr\u00fcheren Medienberichten beinhalteten die Pl\u00e4ne ein Ressort mit 100 Wohnungen, 50 Studios und einer Tiefgarage. (aw)<\/p>","protected":false},"excerpt":{"rendered":"<p>Schon seit vielen Jahren gibt es Pl\u00e4ne zum Bau eines Ressorts mit 100 Wohnungen in Falera (GB). Laut einem Medienbericht stehen neue Akteure hinter dem Vorhaben.<\/p>","protected":false},"author":28,"featured_media":0,"comment_status":"closed","ping_status":"closed","sticky":false,"template":"","format":"standard","meta":{"_acf_changed":false,"footnotes":""},"categories":[5],"tags":[305,304,9,157,96,232,203],"class_list":["post-3426","post","type-post","status-publish","format-standard","hentry","category-ib","tag-blauhut-ag","tag-falera","tag-hotels","tag-kanton-graubuenden","tag-projekt-in-planung","tag-tourismus","tag-wohnungen"],"acf":[],"_links":{"self":[{"href":"https:\/\/develop.immobilienbusiness.ch\/it\/wp-json\/wp\/v2\/posts\/3426","targetHints":{"allow":["GET"]}}],"collection":[{"href":"https:\/\/develop.immobilienbusiness.ch\/it\/wp-json\/wp\/v2\/posts"}],"about":[{"href":"https:\/\/develop.immobilienbusiness.ch\/it\/wp-json\/wp\/v2\/types\/post"}],"author":[{"embeddable":true,"href":"https:\/\/develop.immobilienbusiness.ch\/it\/wp-json\/wp\/v2\/users\/28"}],"replies":[{"embeddable":true,"href":"https:\/\/develop.immobilienbusiness.ch\/it\/wp-json\/wp\/v2\/comments?post=3426"}],"version-history":[{"count":1,"href":"https:\/\/develop.immobilienbusiness.ch\/it\/wp-json\/wp\/v2\/posts\/3426\/revisions"}],"predecessor-version":[{"id":3427,"href":"https:\/\/develop.immobilienbusiness.ch\/it\/wp-json\/wp\/v2\/posts\/3426\/revisions\/3427"}],"wp:attachment":[{"href":"https:\/\/develop.immobilienbusiness.ch\/it\/wp-json\/wp\/v2\/media?parent=3426"}],"wp:term":[{"taxonomy":"category","embeddable":true,"href":"https:\/\/develop.immobilienbusiness.ch\/it\/wp-json\/wp\/v2\/categories?post=3426"},{"taxonomy":"post_tag","embeddable":true,"href":"https:\/\/develop.immobilienbusiness.ch\/it\/wp-json\/wp\/v2\/tags?post=3426"}],"curies":[{"name":"wp","href":"https:\/\/api.w.org\/{rel}","templated":true}]}}