{"id":3147,"date":"2022-08-11T09:45:37","date_gmt":"2022-08-11T07:45:37","guid":{"rendered":"https:\/\/develop.immobilienbusiness.ch\/?p=3147"},"modified":"2022-08-11T09:45:37","modified_gmt":"2022-08-11T07:45:37","slug":"bern-alnatura-kommt-ins-breitenrain-quartier","status":"publish","type":"post","link":"https:\/\/develop.immobilienbusiness.ch\/it\/ib\/2022-08-11\/bern-alnatura-kommt-ins-breitenrain-quartier\/","title":{"rendered":"Bern: Alnatura kommt ins Breitenrain-Quartier"},"content":{"rendered":"<p>Die Bio-Kette Alnatura wird eine neue Filiale in Bern er\u00f6ffnen. Der neue Standort liegt in der Scheibenstrasse, im Breitenrainquartier. Es ist der zweite Standort des Filialisten, dessen Expansion in der Schweiz von Migros Z\u00fcrich betrieben wird. Man sei an weiteren Standorten interessiert, teilt eine Sprecherin der \u201eBerner Zeitung\u201c mit. <em>(aw)<\/em><\/p>","protected":false},"excerpt":{"rendered":"<p>Migros Z\u00fcrich hat die Er\u00f6ffnung des zweiten Bio-Supermarkts der Kette Alnatura in Bern angek\u00fcndigt.<\/p>","protected":false},"author":28,"featured_media":0,"comment_status":"closed","ping_status":"closed","sticky":false,"template":"","format":"standard","meta":{"_acf_changed":false,"footnotes":""},"categories":[5],"tags":[218,217,159,219,16,40],"class_list":["post-3147","post","type-post","status-publish","format-standard","hentry","category-ib","tag-alnatur","tag-bern","tag-migros","tag-potenzieller-nutzer","tag-retail","tag-vermietung"],"acf":[],"_links":{"self":[{"href":"https:\/\/develop.immobilienbusiness.ch\/it\/wp-json\/wp\/v2\/posts\/3147","targetHints":{"allow":["GET"]}}],"collection":[{"href":"https:\/\/develop.immobilienbusiness.ch\/it\/wp-json\/wp\/v2\/posts"}],"about":[{"href":"https:\/\/develop.immobilienbusiness.ch\/it\/wp-json\/wp\/v2\/types\/post"}],"author":[{"embeddable":true,"href":"https:\/\/develop.immobilienbusiness.ch\/it\/wp-json\/wp\/v2\/users\/28"}],"replies":[{"embeddable":true,"href":"https:\/\/develop.immobilienbusiness.ch\/it\/wp-json\/wp\/v2\/comments?post=3147"}],"version-history":[{"count":1,"href":"https:\/\/develop.immobilienbusiness.ch\/it\/wp-json\/wp\/v2\/posts\/3147\/revisions"}],"predecessor-version":[{"id":3148,"href":"https:\/\/develop.immobilienbusiness.ch\/it\/wp-json\/wp\/v2\/posts\/3147\/revisions\/3148"}],"wp:attachment":[{"href":"https:\/\/develop.immobilienbusiness.ch\/it\/wp-json\/wp\/v2\/media?parent=3147"}],"wp:term":[{"taxonomy":"category","embeddable":true,"href":"https:\/\/develop.immobilienbusiness.ch\/it\/wp-json\/wp\/v2\/categories?post=3147"},{"taxonomy":"post_tag","embeddable":true,"href":"https:\/\/develop.immobilienbusiness.ch\/it\/wp-json\/wp\/v2\/tags?post=3147"}],"curies":[{"name":"wp","href":"https:\/\/api.w.org\/{rel}","templated":true}]}}