{"id":3040,"date":"2022-07-26T14:02:11","date_gmt":"2022-07-26T12:02:11","guid":{"rendered":"https:\/\/develop.immobilienbusiness.ch\/?p=3040"},"modified":"2022-07-26T14:02:11","modified_gmt":"2022-07-26T12:02:11","slug":"stadt-zuerich-investiert-26-mio-chf-in-haeuser-aus-den-1920er-jahren","status":"publish","type":"post","link":"https:\/\/develop.immobilienbusiness.ch\/it\/ib\/2022-07-26\/stadt-zuerich-investiert-26-mio-chf-in-haeuser-aus-den-1920er-jahren\/","title":{"rendered":"Stadt Z\u00fcrich investiert 26 Mio. CHF in H\u00e4user aus den 1920er Jahren"},"content":{"rendered":"<p>Die Stadt Z\u00fcrich will vier Wohn- und Gesch\u00e4ftsh\u00e4user im Quartier Hirslanden f\u00fcr 26 Mio. CHF sanieren und energetisch ert\u00fcchtigen. Dabei geht es um die Liegenschaften Forchstrasse 193, Freiestrasse 217 und 221 sowie Gattikerstrasse 4 mit insgesamt 28 Wohnungen, die seit 1933 im Eigentum der Stadt sind und zwischen 1923 bis 1926 gebaut wurden. In den Erdgeschossen sind Gewerbebetriebe eingemietet, darunter das Restaurant \u201eWilder Mann\u201c, eine Buchhandlung, eine B\u00e4ckerei, ein Catergingservice, eine Apotheke und ein N\u00e4hatelier. Durch die Sanierung soll preisg\u00fcnstiger Wohn- und Gewerberaum erhalten werden, teilt die Stadt mit. <em>(aw)<\/em><\/p>","protected":false},"excerpt":{"rendered":"<p>Es geht um 28 Wohnungen und Gewerbefl\u00e4chen in den Erdgeschossen<\/p>","protected":false},"author":28,"featured_media":0,"comment_status":"closed","ping_status":"closed","sticky":false,"template":"","format":"standard","meta":{"_acf_changed":false,"footnotes":""},"categories":[5],"tags":[96,171,58,123],"class_list":["post-3040","post","type-post","status-publish","format-standard","hentry","category-ib","tag-projekt-in-planung","tag-sanierung","tag-wohn-und-gewerbeimmobilie","tag-zuerich"],"acf":[],"_links":{"self":[{"href":"https:\/\/develop.immobilienbusiness.ch\/it\/wp-json\/wp\/v2\/posts\/3040","targetHints":{"allow":["GET"]}}],"collection":[{"href":"https:\/\/develop.immobilienbusiness.ch\/it\/wp-json\/wp\/v2\/posts"}],"about":[{"href":"https:\/\/develop.immobilienbusiness.ch\/it\/wp-json\/wp\/v2\/types\/post"}],"author":[{"embeddable":true,"href":"https:\/\/develop.immobilienbusiness.ch\/it\/wp-json\/wp\/v2\/users\/28"}],"replies":[{"embeddable":true,"href":"https:\/\/develop.immobilienbusiness.ch\/it\/wp-json\/wp\/v2\/comments?post=3040"}],"version-history":[{"count":1,"href":"https:\/\/develop.immobilienbusiness.ch\/it\/wp-json\/wp\/v2\/posts\/3040\/revisions"}],"predecessor-version":[{"id":3041,"href":"https:\/\/develop.immobilienbusiness.ch\/it\/wp-json\/wp\/v2\/posts\/3040\/revisions\/3041"}],"wp:attachment":[{"href":"https:\/\/develop.immobilienbusiness.ch\/it\/wp-json\/wp\/v2\/media?parent=3040"}],"wp:term":[{"taxonomy":"category","embeddable":true,"href":"https:\/\/develop.immobilienbusiness.ch\/it\/wp-json\/wp\/v2\/categories?post=3040"},{"taxonomy":"post_tag","embeddable":true,"href":"https:\/\/develop.immobilienbusiness.ch\/it\/wp-json\/wp\/v2\/tags?post=3040"}],"curies":[{"name":"wp","href":"https:\/\/api.w.org\/{rel}","templated":true}]}}