{"id":293,"date":"2020-05-08T08:58:07","date_gmt":"2020-05-08T06:58:07","guid":{"rendered":"https:\/\/develop.immobilienbusiness.ch\/de\/allgemein\/2020-05-08\/bern-neubau-auf-dem-meinen-areal\/"},"modified":"2020-05-08T08:58:07","modified_gmt":"2020-05-08T06:58:07","slug":"bern-neubau-auf-dem-meinen-areal","status":"publish","type":"post","link":"https:\/\/develop.immobilienbusiness.ch\/it\/ib\/2020-05-08\/bern-neubau-auf-dem-meinen-areal\/","title":{"rendered":"Bern: Neubau auf dem Meinen-Areal"},"content":{"rendered":"<p>Die Personalvorsorgestiftung der \u00c4rzte und Tier\u00e4rzte (PATBVG) als Grundeigent\u00fcmerin von f\u00fcnf Parzellen s\u00fcdlich und n\u00f6rdlich der Schwarztorstrasse will auf dem Meinen-Areal eine Wohn- und Gewerbe\u00fcberbauung erstellen. Das Projekt soll einen Beitrag zur Quartierentwicklung und zur Verdichtung der Stadt leisten, so die Stadt Bern.<\/p>\n<p>Im Unter- und Erdgeschoss des n\u00f6rdlichen \u00dcberbauungsbereichs sollen Fl\u00e4chen f\u00fcr Verkauf, Dienstleistungen und Kleingewerbe untergebracht werden, etwa ein Detailh\u00e4ndler und ein Caf\u00e9. In den Obergeschossen entstehen rund 185 Wohnungen. Ein Drittel der Wohnfl\u00e4chen bzw. rund 40% der Wohnungen sind nach Angaben der Stadt Bern f\u00fcr preisg\u00fcnstiges Wohnen vorgesehen. Weiter soll die \u00dcberbauung attraktive Aussenr\u00e4ume mit Innenhof, eine kleinen Park und eine\u00a0 Dachterrasse umfassen. Das Areal soll nur wenig motorisierten Verkehr generieren. Geplant sind mindestens 435 Veloabstellpl\u00e4tze, und die Anlieferung soll m\u00f6glichst quartiervertr\u00e4glich und konfliktfrei erfolgen.<\/p>\n<p>Die \u00f6ffentliche Auflage f\u00fcr die \u00dcberbauungsordnung dauert vom 7. Mai bis zum 5. Juni 2020; im M\u00e4rz 2021 sollen die Berner Stimmb\u00fcrger dar\u00fcber abstimmen.<\/p>","protected":false},"excerpt":{"rendered":"<p>Auf dem Meinen-Areal im Mattenhofquartier in Bern soll ein Quartierzentrum mit Wohnungen und Gewerbefl\u00e4chen entstehen.<\/p>","protected":false},"author":23,"featured_media":0,"comment_status":"closed","ping_status":"closed","sticky":false,"template":"","format":"standard","meta":{"_acf_changed":false,"footnotes":""},"categories":[5],"tags":[25,11,4,16],"class_list":["post-293","post","type-post","status-publish","format-standard","hentry","category-ib","tag-be","tag-in-planung","tag-mehrfamilienhaus-miete","tag-retail"],"acf":[],"_links":{"self":[{"href":"https:\/\/develop.immobilienbusiness.ch\/it\/wp-json\/wp\/v2\/posts\/293","targetHints":{"allow":["GET"]}}],"collection":[{"href":"https:\/\/develop.immobilienbusiness.ch\/it\/wp-json\/wp\/v2\/posts"}],"about":[{"href":"https:\/\/develop.immobilienbusiness.ch\/it\/wp-json\/wp\/v2\/types\/post"}],"author":[{"embeddable":true,"href":"https:\/\/develop.immobilienbusiness.ch\/it\/wp-json\/wp\/v2\/users\/23"}],"replies":[{"embeddable":true,"href":"https:\/\/develop.immobilienbusiness.ch\/it\/wp-json\/wp\/v2\/comments?post=293"}],"version-history":[{"count":0,"href":"https:\/\/develop.immobilienbusiness.ch\/it\/wp-json\/wp\/v2\/posts\/293\/revisions"}],"wp:attachment":[{"href":"https:\/\/develop.immobilienbusiness.ch\/it\/wp-json\/wp\/v2\/media?parent=293"}],"wp:term":[{"taxonomy":"category","embeddable":true,"href":"https:\/\/develop.immobilienbusiness.ch\/it\/wp-json\/wp\/v2\/categories?post=293"},{"taxonomy":"post_tag","embeddable":true,"href":"https:\/\/develop.immobilienbusiness.ch\/it\/wp-json\/wp\/v2\/tags?post=293"}],"curies":[{"name":"wp","href":"https:\/\/api.w.org\/{rel}","templated":true}]}}