{"id":2900,"date":"2022-03-10T10:25:02","date_gmt":"2022-03-10T09:25:02","guid":{"rendered":"https:\/\/develop.immobilienbusiness.ch\/de\/allgemein\/2022-03-10\/basel-genesis-eroffnet-showroom-in-der-innenstadt\/"},"modified":"2022-03-10T10:25:02","modified_gmt":"2022-03-10T09:25:02","slug":"basel-genesis-eroffnet-showroom-in-der-innenstadt","status":"publish","type":"post","link":"https:\/\/develop.immobilienbusiness.ch\/it\/ib\/2022-03-10\/basel-genesis-eroffnet-showroom-in-der-innenstadt\/","title":{"rendered":"Basel: Genesis er\u00f6ffnet Showroom in der Innenstadt"},"content":{"rendered":"<p><span><span><span>Der Autohersteller Genesis, eine Tochter von Hyundai, wird in dem Ladenlokal in der Freien Strasse 38, wo bislang Zara Home eingemietet war, einen Showroom er\u00f6ffnen. Dies berichten mehrere lokale Medien \u00fcbereinstimmend. Es handelt sich demnach um einen der ersten Showrooms der Luxus-Automarke in Europa. Im vergangenen Jahr das Genesis einen ersten solchen Standort im Zentrum von M\u00fcnchen er\u00f6ffnet. <\/span><\/span><\/span><\/p>","protected":false},"excerpt":{"rendered":"<p><span><span><span>Medienberichten zufolge er\u00f6ffnet die s\u00fcdkoreanische Luxus-Automarke Genesis in K\u00fcrze einen Showroom in der Freien Strasse in der Innenstadt von Basel.<\/span><\/span><\/span><\/p>","protected":false},"author":23,"featured_media":0,"comment_status":"closed","ping_status":"closed","sticky":false,"template":"","format":"standard","meta":{"_acf_changed":false,"footnotes":""},"categories":[5],"tags":[2,16,40],"class_list":["post-2900","post","type-post","status-publish","format-standard","hentry","category-ib","tag-bs","tag-retail","tag-vermietung"],"acf":[],"_links":{"self":[{"href":"https:\/\/develop.immobilienbusiness.ch\/it\/wp-json\/wp\/v2\/posts\/2900","targetHints":{"allow":["GET"]}}],"collection":[{"href":"https:\/\/develop.immobilienbusiness.ch\/it\/wp-json\/wp\/v2\/posts"}],"about":[{"href":"https:\/\/develop.immobilienbusiness.ch\/it\/wp-json\/wp\/v2\/types\/post"}],"author":[{"embeddable":true,"href":"https:\/\/develop.immobilienbusiness.ch\/it\/wp-json\/wp\/v2\/users\/23"}],"replies":[{"embeddable":true,"href":"https:\/\/develop.immobilienbusiness.ch\/it\/wp-json\/wp\/v2\/comments?post=2900"}],"version-history":[{"count":0,"href":"https:\/\/develop.immobilienbusiness.ch\/it\/wp-json\/wp\/v2\/posts\/2900\/revisions"}],"wp:attachment":[{"href":"https:\/\/develop.immobilienbusiness.ch\/it\/wp-json\/wp\/v2\/media?parent=2900"}],"wp:term":[{"taxonomy":"category","embeddable":true,"href":"https:\/\/develop.immobilienbusiness.ch\/it\/wp-json\/wp\/v2\/categories?post=2900"},{"taxonomy":"post_tag","embeddable":true,"href":"https:\/\/develop.immobilienbusiness.ch\/it\/wp-json\/wp\/v2\/tags?post=2900"}],"curies":[{"name":"wp","href":"https:\/\/api.w.org\/{rel}","templated":true}]}}