{"id":2898,"date":"2022-03-10T09:01:10","date_gmt":"2022-03-10T08:01:10","guid":{"rendered":"https:\/\/develop.immobilienbusiness.ch\/de\/allgemein\/2022-03-10\/daniken-neuer-nutzer-fur-das-dnk1-zentrum\/"},"modified":"2022-03-10T09:01:10","modified_gmt":"2022-03-10T08:01:10","slug":"daniken-neuer-nutzer-fur-das-dnk1-zentrum","status":"publish","type":"post","link":"https:\/\/develop.immobilienbusiness.ch\/it\/ib\/2022-03-10\/daniken-neuer-nutzer-fur-das-dnk1-zentrum\/","title":{"rendered":"D\u00e4niken: Neuer Nutzer f\u00fcr das DNK1-Zentrum"},"content":{"rendered":"<p><span><span><span>Planzer will in dem DNK1-Geb\u00e4ude in D\u00e4niken (SO) ab Anfang 2024 seinen Logistik-Hub f\u00fcr die Nordostschweiz einrichten, teilt Stoneweg mit. Varia Swiss Realtech Properties (VSRP), ein Joint Venture von Stoneweg und Decalia, hat das 50.000 qm grosse Geb\u00e4ude 2015 in Form eines Sale-and Leaseback-Deals von seinem derzeitigen Mieter Meier Tob<span>ler erworben<\/span><span>. Meier Tobler wird<\/span> <span>die<\/span> R\u00e4umlichkeiten am 31. Dezember 2023 <span>verlassen, anschliessend soll Planzer einziehen.<\/span><\/span><\/span><\/span><\/p>\n<p><span><span><span>Das DNK1 war urspr\u00fcnglich ein Postzentrum und bietet 35 Laderampen und grosse Lagerkapazit\u00e4ten. Es liegt zwischen <span>der Bahn<\/span>strecke <span>und der Kantonsstrasse<\/span> <span>auf der Achse, die den Osten und den Westen<\/span> der Schweiz verbindet. W+P Weber und Partner hat Stoneweg vom Kauf bis zur Repositionierung der Liegenschaft unterst\u00fctzt.<\/span><\/span><\/span><\/p>","protected":false},"excerpt":{"rendered":"<p><span><span><span>Das Logistikunternehmen Planzer mietet das DNK1-Geb\u00e4ude in D\u00e4niken. Varia Swiss Realtech Properties hat das Objekt per Sale-and-Lease-back-Transaktion von Meier Tobler erworben.<\/span><\/span><\/span><\/p>","protected":false},"author":23,"featured_media":0,"comment_status":"closed","ping_status":"closed","sticky":false,"template":"","format":"standard","meta":{"_acf_changed":false,"footnotes":""},"categories":[5],"tags":[38,33,40],"class_list":["post-2898","post","type-post","status-publish","format-standard","hentry","category-ib","tag-logistik","tag-so","tag-vermietung"],"acf":[],"_links":{"self":[{"href":"https:\/\/develop.immobilienbusiness.ch\/it\/wp-json\/wp\/v2\/posts\/2898","targetHints":{"allow":["GET"]}}],"collection":[{"href":"https:\/\/develop.immobilienbusiness.ch\/it\/wp-json\/wp\/v2\/posts"}],"about":[{"href":"https:\/\/develop.immobilienbusiness.ch\/it\/wp-json\/wp\/v2\/types\/post"}],"author":[{"embeddable":true,"href":"https:\/\/develop.immobilienbusiness.ch\/it\/wp-json\/wp\/v2\/users\/23"}],"replies":[{"embeddable":true,"href":"https:\/\/develop.immobilienbusiness.ch\/it\/wp-json\/wp\/v2\/comments?post=2898"}],"version-history":[{"count":0,"href":"https:\/\/develop.immobilienbusiness.ch\/it\/wp-json\/wp\/v2\/posts\/2898\/revisions"}],"wp:attachment":[{"href":"https:\/\/develop.immobilienbusiness.ch\/it\/wp-json\/wp\/v2\/media?parent=2898"}],"wp:term":[{"taxonomy":"category","embeddable":true,"href":"https:\/\/develop.immobilienbusiness.ch\/it\/wp-json\/wp\/v2\/categories?post=2898"},{"taxonomy":"post_tag","embeddable":true,"href":"https:\/\/develop.immobilienbusiness.ch\/it\/wp-json\/wp\/v2\/tags?post=2898"}],"curies":[{"name":"wp","href":"https:\/\/api.w.org\/{rel}","templated":true}]}}