{"id":289,"date":"2020-05-07T08:21:04","date_gmt":"2020-05-07T06:21:04","guid":{"rendered":"https:\/\/develop.immobilienbusiness.ch\/de\/allgemein\/2020-05-07\/covid-19-noch-keine-politische-losung-fur-geschaftsmieten\/"},"modified":"2020-05-07T08:21:04","modified_gmt":"2020-05-07T06:21:04","slug":"covid-19-noch-keine-politische-losung-fur-geschaftsmieten","status":"publish","type":"post","link":"https:\/\/develop.immobilienbusiness.ch\/it\/ib\/2020-05-07\/covid-19-noch-keine-politische-losung-fur-geschaftsmieten\/","title":{"rendered":"Covid-19: Noch keine politische L\u00f6sung f\u00fcr Gesch\u00e4ftsmieten"},"content":{"rendered":"<p>F\u00fcr Vermieter und Mieter von Gesch\u00e4ften, die aufgrund der beh\u00f6rdlichen Massnahmen zur Eind\u00e4mmung des Coronavirus geschlossen wurden, ist weiter unklar, ob und in welcher H\u00f6he die Miete f\u00e4llig wird.<\/p>\n<p>Die Wirtschaftskommission des St\u00e4nderat WAK-S hatte zun\u00e4chst eine Motion verabschiedet, wonach Kleinunternehmen und Selbst\u00e4ndigerwerbenden, die weniger als 5.000 CHF brutto pro Monat Miete zahlen, die Nettomiete f\u00fcr zwei Monate erlassen werden kann.<\/p>\n<p>Der Nationalrat lehnte dies ab, er bevorzugt eine Pauschall\u00f6sung: Betreiber von Restaurants und weiteren vom Bundesrat geschlossenen Betrieben sollten ihrem Vermieter grunds\u00e4tzlich nur 30% der Miete schulden f\u00fcr die Zeit, in die Lokale wegen der beh\u00f6rdlichen Massnahmen geschlossen sind.<\/p>\n<p>Der St\u00e4nderat wiederum entschied am Mittwoch, nur Mieter zu entlasten, die eine Bruttomiete von maximal 8.000 CHF zahlen. Sie sollten ihren Mietzins f\u00fcr zwei Monate um je 5.000 CHF reduzieren k\u00f6nnen, Nebenkosten blieben geschuldet. Haben die Mietparteien bereits einvernehmlich L\u00f6sungen gefunden, sollten diese ihre G\u00fcltigkeit behalten. Die grosse Kammer wird nun aber erst in der Sommersession \u00fcber die abge\u00e4nderte Motion befinden.<\/p>\n<p>Einigkeit herrschte dagegen, dass der Bundesrat einen H\u00e4rtefallfonds f\u00fcr Vermieter pr\u00fcfen soll, die wegen der Mietausf\u00e4lle in ihrer Existenz bedroht sind. Dieser Fonds soll 20 Millionen CHF schwer werden.<\/p>","protected":false},"excerpt":{"rendered":"<p>Was mit den Mieten von Gesch\u00e4ften geschieht, die wegen der Covid-19-Pandemie geschlossen sind, ist weiter ungekl\u00e4rt. Das Parlament hat sich in seiner ausserordentlichen Session nicht einigen k\u00f6nnen.<\/p>","protected":false},"author":23,"featured_media":0,"comment_status":"closed","ping_status":"closed","sticky":false,"template":"","format":"standard","meta":{"_acf_changed":false,"footnotes":""},"categories":[5],"tags":[16],"class_list":["post-289","post","type-post","status-publish","format-standard","hentry","category-ib","tag-retail"],"acf":[],"_links":{"self":[{"href":"https:\/\/develop.immobilienbusiness.ch\/it\/wp-json\/wp\/v2\/posts\/289","targetHints":{"allow":["GET"]}}],"collection":[{"href":"https:\/\/develop.immobilienbusiness.ch\/it\/wp-json\/wp\/v2\/posts"}],"about":[{"href":"https:\/\/develop.immobilienbusiness.ch\/it\/wp-json\/wp\/v2\/types\/post"}],"author":[{"embeddable":true,"href":"https:\/\/develop.immobilienbusiness.ch\/it\/wp-json\/wp\/v2\/users\/23"}],"replies":[{"embeddable":true,"href":"https:\/\/develop.immobilienbusiness.ch\/it\/wp-json\/wp\/v2\/comments?post=289"}],"version-history":[{"count":0,"href":"https:\/\/develop.immobilienbusiness.ch\/it\/wp-json\/wp\/v2\/posts\/289\/revisions"}],"wp:attachment":[{"href":"https:\/\/develop.immobilienbusiness.ch\/it\/wp-json\/wp\/v2\/media?parent=289"}],"wp:term":[{"taxonomy":"category","embeddable":true,"href":"https:\/\/develop.immobilienbusiness.ch\/it\/wp-json\/wp\/v2\/categories?post=289"},{"taxonomy":"post_tag","embeddable":true,"href":"https:\/\/develop.immobilienbusiness.ch\/it\/wp-json\/wp\/v2\/tags?post=289"}],"curies":[{"name":"wp","href":"https:\/\/api.w.org\/{rel}","templated":true}]}}