{"id":2884,"date":"2022-03-07T08:41:29","date_gmt":"2022-03-07T07:41:29","guid":{"rendered":"https:\/\/develop.immobilienbusiness.ch\/de\/allgemein\/2022-03-07\/st-gallen-ubs-swissreal-vermietet-retailflache-in-der-altstadt\/"},"modified":"2022-03-07T08:41:29","modified_gmt":"2022-03-07T07:41:29","slug":"st-gallen-ubs-swissreal-vermietet-retailflache-in-der-altstadt","status":"publish","type":"post","link":"https:\/\/develop.immobilienbusiness.ch\/it\/ib\/2022-03-07\/st-gallen-ubs-swissreal-vermietet-retailflache-in-der-altstadt\/","title":{"rendered":"St. Gallen: UBS Swissreal vermietet Retailfl\u00e4che in der Altstadt"},"content":{"rendered":"<p><span><span><span>Wie UBS Swissreal mitteilt, wird die L\u00fcthy Gruppe, das gr\u00f6sste familiengef\u00fchrte Buchhandlungsunternehmen der Schweiz, im Sommer 2022 in die umgebauten Ladenr\u00e4umlichkeiten einziehen. Das Unternehmen belegt drei Stockwerke, und im ersten Obergeschoss der Buchhandlung wird ein kleines Caf\u00e9 eingerichtet. <\/span><\/span><\/span><\/p>\n<p><span><span><span>Die L\u00fcthy-Gruppe wurde 1838 in Solothurn gegr\u00fcndet und ist derzeit an 20 Standorten vertreten.<\/span><\/span><\/span><\/p>","protected":false},"excerpt":{"rendered":"<p><span><span><span>Der Immobilienfonds UBS Swissreal hat mit der Buchhandlung L\u00fcthy einen neuen Mieter f\u00fcr die Ladenfl\u00e4che in der Multergasse 41 in St. Gallen gefunden.<\/span><\/span><\/span><\/p>","protected":false},"author":23,"featured_media":0,"comment_status":"closed","ping_status":"closed","sticky":false,"template":"","format":"standard","meta":{"_acf_changed":false,"footnotes":""},"categories":[5],"tags":[16,48,40],"class_list":["post-2884","post","type-post","status-publish","format-standard","hentry","category-ib","tag-retail","tag-sg","tag-vermietung"],"acf":[],"_links":{"self":[{"href":"https:\/\/develop.immobilienbusiness.ch\/it\/wp-json\/wp\/v2\/posts\/2884","targetHints":{"allow":["GET"]}}],"collection":[{"href":"https:\/\/develop.immobilienbusiness.ch\/it\/wp-json\/wp\/v2\/posts"}],"about":[{"href":"https:\/\/develop.immobilienbusiness.ch\/it\/wp-json\/wp\/v2\/types\/post"}],"author":[{"embeddable":true,"href":"https:\/\/develop.immobilienbusiness.ch\/it\/wp-json\/wp\/v2\/users\/23"}],"replies":[{"embeddable":true,"href":"https:\/\/develop.immobilienbusiness.ch\/it\/wp-json\/wp\/v2\/comments?post=2884"}],"version-history":[{"count":0,"href":"https:\/\/develop.immobilienbusiness.ch\/it\/wp-json\/wp\/v2\/posts\/2884\/revisions"}],"wp:attachment":[{"href":"https:\/\/develop.immobilienbusiness.ch\/it\/wp-json\/wp\/v2\/media?parent=2884"}],"wp:term":[{"taxonomy":"category","embeddable":true,"href":"https:\/\/develop.immobilienbusiness.ch\/it\/wp-json\/wp\/v2\/categories?post=2884"},{"taxonomy":"post_tag","embeddable":true,"href":"https:\/\/develop.immobilienbusiness.ch\/it\/wp-json\/wp\/v2\/tags?post=2884"}],"curies":[{"name":"wp","href":"https:\/\/api.w.org\/{rel}","templated":true}]}}