{"id":2822,"date":"2022-02-14T09:20:19","date_gmt":"2022-02-14T08:20:19","guid":{"rendered":"https:\/\/develop.immobilienbusiness.ch\/de\/allgemein\/2022-02-14\/buchs-kanton-mietet-in-sfp-immobilie\/"},"modified":"2022-02-14T09:20:19","modified_gmt":"2022-02-14T08:20:19","slug":"buchs-kanton-mietet-in-sfp-immobilie","status":"publish","type":"post","link":"https:\/\/develop.immobilienbusiness.ch\/it\/ib\/2022-02-14\/buchs-kanton-mietet-in-sfp-immobilie\/","title":{"rendered":"Buchs: Kanton mietet in SFP-Immobilie"},"content":{"rendered":"<p><span><span><span>Wie die Fondsleitung des SF Commercial Properties Fund mitteilt, mietet der Kanton Aargau die rund 1.800 qm B\u00fcrofl\u00e4che in der Liegenschaft am Amsleracherweg 8 f\u00fcr die n\u00e4chsten f\u00fcnf Jahre. Ein Teil der angemieteten Fl\u00e4chen werde durch die Staatsanwaltschaft Aargau genutzt; aktuell sei bereits die Kantonspolizei im Geb\u00e4ude eingemietet. <\/span><\/span><\/span><\/p>\n<p><span><span><span>Anfangs 2021 ist in der Liegenschaft ein Grossmieter ausgezogen, und 3.800 qm B\u00fcrofl\u00e4che wurden frei. Davon seien innerhalb eines Jahres 2.300 qm wiedervermietet worden.<\/span><\/span><\/span><\/p>","protected":false},"excerpt":{"rendered":"<p><span><span><span>Der Kanton Aargau mietet in einer Liegenschaft des SF Commercial Properties Fund in Buchs (AG) eine weitere Fl\u00e4che von 1.800 qm.<\/span><\/span><\/span><\/p>","protected":false},"author":23,"featured_media":0,"comment_status":"closed","ping_status":"closed","sticky":false,"template":"","format":"standard","meta":{"_acf_changed":false,"footnotes":""},"categories":[5],"tags":[6,7,40],"class_list":["post-2822","post","type-post","status-publish","format-standard","hentry","category-ib","tag-ag","tag-buro","tag-vermietung"],"acf":[],"_links":{"self":[{"href":"https:\/\/develop.immobilienbusiness.ch\/it\/wp-json\/wp\/v2\/posts\/2822","targetHints":{"allow":["GET"]}}],"collection":[{"href":"https:\/\/develop.immobilienbusiness.ch\/it\/wp-json\/wp\/v2\/posts"}],"about":[{"href":"https:\/\/develop.immobilienbusiness.ch\/it\/wp-json\/wp\/v2\/types\/post"}],"author":[{"embeddable":true,"href":"https:\/\/develop.immobilienbusiness.ch\/it\/wp-json\/wp\/v2\/users\/23"}],"replies":[{"embeddable":true,"href":"https:\/\/develop.immobilienbusiness.ch\/it\/wp-json\/wp\/v2\/comments?post=2822"}],"version-history":[{"count":0,"href":"https:\/\/develop.immobilienbusiness.ch\/it\/wp-json\/wp\/v2\/posts\/2822\/revisions"}],"wp:attachment":[{"href":"https:\/\/develop.immobilienbusiness.ch\/it\/wp-json\/wp\/v2\/media?parent=2822"}],"wp:term":[{"taxonomy":"category","embeddable":true,"href":"https:\/\/develop.immobilienbusiness.ch\/it\/wp-json\/wp\/v2\/categories?post=2822"},{"taxonomy":"post_tag","embeddable":true,"href":"https:\/\/develop.immobilienbusiness.ch\/it\/wp-json\/wp\/v2\/tags?post=2822"}],"curies":[{"name":"wp","href":"https:\/\/api.w.org\/{rel}","templated":true}]}}