{"id":277,"date":"2020-05-04T09:17:04","date_gmt":"2020-05-04T07:17:04","guid":{"rendered":"https:\/\/develop.immobilienbusiness.ch\/de\/allgemein\/2020-05-04\/wak-s-fordert-wegen-covid-19-pandemie-mieterlass-fur-kleinunternehmer\/"},"modified":"2020-05-04T09:17:04","modified_gmt":"2020-05-04T07:17:04","slug":"wak-s-fordert-wegen-covid-19-pandemie-mieterlass-fur-kleinunternehmer","status":"publish","type":"post","link":"https:\/\/develop.immobilienbusiness.ch\/it\/ib\/2020-05-04\/wak-s-fordert-wegen-covid-19-pandemie-mieterlass-fur-kleinunternehmer\/","title":{"rendered":"WAK-S fordert wegen Covid-19-Pandemie Mieterlass f\u00fcr Kleinunternehmer"},"content":{"rendered":"<p>Voraussetzung sei, dass der Betrieb wegen der bundesr\u00e4tlichen Massnahmen geschlossen oder reduziert werden musste oder der Umsatz wegen der Corona-Krise, auf Jahresbasis gerechnet, im Vergleich zum Vorjahr um mehr als 50% zur\u00fcckgegangen sei, teilt die WAK-S mit. F\u00fcr monatliche Bruttomieten von \u00fcber 5.000 CHF soll ein Anreizsystem die Verst\u00e4ndigung zwischen Vermieter und Mieter f\u00f6rdern: Einigen sich Vermieter und Mieter darauf, die geschuldete Miete auf einen Drittel zu reduzieren, \u00fcbernimmt der Bund f\u00fcr die Dauer von zwei Monaten ein Drittel der Bruttomiete, h\u00f6chstens aber 3.000 CHF. Da dies eine finanzielle Beteiligung des Bundes an den Mietkosten vorsehe, sei mit zus\u00e4tzlichen Ausgaben zu rechnen. Eine Kosteneinsch\u00e4tzung stehe indes noch aus.<\/p>\n<p>Mit der Motion wolle man besonders betroffene und finanzschwache Kleinunternehmen unterst\u00fctzen. \u00dcberlegungen, die einen Mietzinserlass um 70% \u00fcber die Dauer der beh\u00f6rdlich angeordneten Schliessung f\u00fcr s\u00e4mtliche betroffenen Betriebe vorsehen, lehnte die WAK-S dagegen ab. In Anbetracht der sehr unterschiedlichen Finanzkraft auf Seiten der Mieterschaft spreche man sich gegen eine solche Pauschall\u00f6sung f\u00fcr s\u00e4mtliche Mieter aus.<\/p>\n<p>Der Verband Immobilien Schweiz (VIS) begr\u00fcsst die Motion der WAK-S, betont aber, dass nach wie vor partnerschaftliche Einigungen zwischen Mietern und Vermietern im Vordergrund st\u00fcnden. Seien bereits Vereinbarungen abgeschlossen, m\u00fcssten diese in jedem Fall G\u00fcltigkeit behalten. Den Mietvertragsparteien werde aus dem gleichen Grund empfohlen, bereits laufende Verhandlungen rasch zum Abschluss zu bringen. Komme es zu einer Regelung auf Bundesebene, m\u00fcsse die Unterst\u00fctzung von Kleinunternehmen im Zentrum stehen.<\/p>","protected":false},"excerpt":{"rendered":"<p>Die Wirtschaftskommission des St\u00e4nderat WAK-S hat eine Motion verabschiedet, wonach Kleinunternehmen und Selbst\u00e4ndigerwerbenden, die weniger als 5.000 CHF brutto pro Monat Miete zahlen, die Nettomiete f\u00fcr zwei Monate erlassen werden kann. Der Bundesrat solle eine entsprechende Regelung daf\u00fcr finden.<\/p>","protected":false},"author":23,"featured_media":0,"comment_status":"closed","ping_status":"closed","sticky":false,"template":"","format":"standard","meta":{"_acf_changed":false,"footnotes":""},"categories":[5],"tags":[16],"class_list":["post-277","post","type-post","status-publish","format-standard","hentry","category-ib","tag-retail"],"acf":[],"_links":{"self":[{"href":"https:\/\/develop.immobilienbusiness.ch\/it\/wp-json\/wp\/v2\/posts\/277","targetHints":{"allow":["GET"]}}],"collection":[{"href":"https:\/\/develop.immobilienbusiness.ch\/it\/wp-json\/wp\/v2\/posts"}],"about":[{"href":"https:\/\/develop.immobilienbusiness.ch\/it\/wp-json\/wp\/v2\/types\/post"}],"author":[{"embeddable":true,"href":"https:\/\/develop.immobilienbusiness.ch\/it\/wp-json\/wp\/v2\/users\/23"}],"replies":[{"embeddable":true,"href":"https:\/\/develop.immobilienbusiness.ch\/it\/wp-json\/wp\/v2\/comments?post=277"}],"version-history":[{"count":0,"href":"https:\/\/develop.immobilienbusiness.ch\/it\/wp-json\/wp\/v2\/posts\/277\/revisions"}],"wp:attachment":[{"href":"https:\/\/develop.immobilienbusiness.ch\/it\/wp-json\/wp\/v2\/media?parent=277"}],"wp:term":[{"taxonomy":"category","embeddable":true,"href":"https:\/\/develop.immobilienbusiness.ch\/it\/wp-json\/wp\/v2\/categories?post=277"},{"taxonomy":"post_tag","embeddable":true,"href":"https:\/\/develop.immobilienbusiness.ch\/it\/wp-json\/wp\/v2\/tags?post=277"}],"curies":[{"name":"wp","href":"https:\/\/api.w.org\/{rel}","templated":true}]}}