{"id":2734,"date":"2022-01-25T08:17:56","date_gmt":"2022-01-25T07:17:56","guid":{"rendered":"https:\/\/develop.immobilienbusiness.ch\/de\/allgemein\/2022-01-25\/investis-neue-struktur-fur-die-dienstleistungssparte\/"},"modified":"2022-01-25T08:17:56","modified_gmt":"2022-01-25T07:17:56","slug":"investis-neue-struktur-fur-die-dienstleistungssparte","status":"publish","type":"post","link":"https:\/\/develop.immobilienbusiness.ch\/it\/ib\/2022-01-25\/investis-neue-struktur-fur-die-dienstleistungssparte\/","title":{"rendered":"Investis: Neue Struktur f\u00fcr die Dienstleistungssparte"},"content":{"rendered":"<p><span><span><span>Die im Bereich Immobiliendienstleistungen t\u00e4tigen Investis-Tochtergesellschaften Hauswartprofis, Privera, Rohr und Analysis Lab werden organisatorisch zusammengeschlossen. Konkret sollen interne Funktionen wie Finanzen, IT, Personal und Einkauf f\u00fcr die Sparte in Zukunft geb\u00fcndelt erbracht werden, teilt Investis mit.<\/span><\/span><\/span><\/p>\n<p><span><span><span>Im Zuge der Neuordnung kommt es auch zu personellen Ver\u00e4nderungen: Ab 1. April 2022 \u00fcbernimmt Michael Stucki als CEO die Verantwortung f\u00fcr den Bereich. Stucki ist seit f\u00fcnf Jahren Gesch\u00e4ftsleitungsmitglied und COO der Privera und seit Februar 2021 CEO von Hauswartprofis. Ihm stehen die Markenverantwortlichen Andrea Wegm\u00fcller (COO Privera), Marcel Troller (COO Hauswartprofis), Patrick D\u00f6rge (COO Rohr) und Marc Vonlanthen (COO Analysis) zur Seite. Dieter Sommer, derzeit CEO von Privera, und Christoph Ackermann, aktuell CEO der Rohr AG, werden im Sommer 2022 eine neue berufliche Herausforderung annehmen, teilt Investis weiter mit. <\/span><\/span><\/span><\/p>\n<p><span><span><span>Die Immobiliengesellschaft verspricht sich von der Neuaufstellung, dass die vier Marken ihre Kompetenzen st\u00e4rker auf das operative Gesch\u00e4ft und die Kundenbed\u00fcrfnisse ausrichten k\u00f6nnen. In dem Bereich sind gut 2.200 Mitarbeitende an 40 Standorten t\u00e4tig. <\/span><\/span><\/span><\/p>","protected":false},"excerpt":{"rendered":"<p><span><span><span>Investis gibt dem Segment Real Estate Services eine neue Struktur: Die Tochterfirmen werden zusammengeschlossen, und neuer CEO wird Michael Stucki.<\/span><\/span><\/span><\/p>","protected":false},"author":23,"featured_media":0,"comment_status":"closed","ping_status":"closed","sticky":false,"template":"","format":"standard","meta":{"_acf_changed":false,"footnotes":""},"categories":[5],"tags":[51],"class_list":["post-2734","post","type-post","status-publish","format-standard","hentry","category-ib","tag-facility-property-manager"],"acf":[],"_links":{"self":[{"href":"https:\/\/develop.immobilienbusiness.ch\/it\/wp-json\/wp\/v2\/posts\/2734","targetHints":{"allow":["GET"]}}],"collection":[{"href":"https:\/\/develop.immobilienbusiness.ch\/it\/wp-json\/wp\/v2\/posts"}],"about":[{"href":"https:\/\/develop.immobilienbusiness.ch\/it\/wp-json\/wp\/v2\/types\/post"}],"author":[{"embeddable":true,"href":"https:\/\/develop.immobilienbusiness.ch\/it\/wp-json\/wp\/v2\/users\/23"}],"replies":[{"embeddable":true,"href":"https:\/\/develop.immobilienbusiness.ch\/it\/wp-json\/wp\/v2\/comments?post=2734"}],"version-history":[{"count":0,"href":"https:\/\/develop.immobilienbusiness.ch\/it\/wp-json\/wp\/v2\/posts\/2734\/revisions"}],"wp:attachment":[{"href":"https:\/\/develop.immobilienbusiness.ch\/it\/wp-json\/wp\/v2\/media?parent=2734"}],"wp:term":[{"taxonomy":"category","embeddable":true,"href":"https:\/\/develop.immobilienbusiness.ch\/it\/wp-json\/wp\/v2\/categories?post=2734"},{"taxonomy":"post_tag","embeddable":true,"href":"https:\/\/develop.immobilienbusiness.ch\/it\/wp-json\/wp\/v2\/tags?post=2734"}],"curies":[{"name":"wp","href":"https:\/\/api.w.org\/{rel}","templated":true}]}}