{"id":2497,"date":"2021-11-15T09:25:19","date_gmt":"2021-11-15T08:25:19","guid":{"rendered":"https:\/\/develop.immobilienbusiness.ch\/de\/allgemein\/2021-11-15\/la-neuveville-stadt-bern-saniert-gebaude-des-rebguts\/"},"modified":"2021-11-15T09:25:19","modified_gmt":"2021-11-15T08:25:19","slug":"la-neuveville-stadt-bern-saniert-gebaude-des-rebguts","status":"publish","type":"post","link":"https:\/\/develop.immobilienbusiness.ch\/it\/ib\/2021-11-15\/la-neuveville-stadt-bern-saniert-gebaude-des-rebguts\/","title":{"rendered":"La Neuveville: Stadt Bern saniert Geb\u00e4ude des Rebguts"},"content":{"rendered":"<p><span><span>Das \u00d6konomiegeb\u00e4ude des Rebguts stammt aus dem Jahr 1923 und weist nach Angaben der Stadt Bern grossen Sanierungsbedarf auf: Die Geb\u00e4udestrukturen seien in einem schlechten Zustand, die Fassaden und Fenster verwittert und die W\u00e4rmed\u00e4mmung von Geb\u00e4udeh\u00fclle und Dach sei ungen\u00fcgend. Bestehende Wohnr\u00e4ume seien unbewohnbar. Es soll daher &#8211; unter Ber\u00fccksichtigung der denkmalpflegerischen Anforderungen \u2013 gesamtsaniert werden, u.a. sond die energetische Aufwertung der Geb\u00e4udeh\u00fclle und der komplette Ersatz aller geb\u00e4udetechnischen Installationen geplant.<\/span><\/span><\/p>\n<p><span><span>Weiter teilt die Stadt Bern mit, dass durch die Auslagerung der verbleibenden Betriebsnutzungen des Rebguts in einen Nebenbau der Kellerei das ganze Geb\u00e4ude der Wohnnutzung zugef\u00fchrt werden k\u00f6nne. Es entstehen eine 5,5-Zimmerwohnung, zwei 2,5- und zwei 4,5-Zimmerwohnungen. Die Sanierung soll im Sommer 2022 beginnen und wird rund ein Jahr dauern. F\u00fcr die Arbeiten hat der Gemeinderat einen Baukredit von 3,31 Mio. CHF Franken zu Lasten des Fonds f\u00fcr Boden- und Wohnbaupolitik bewilligt.<\/span><\/span><\/p>","protected":false},"excerpt":{"rendered":"<p><span><span>Der Gemeinderat der Stadt Bern will das ehemalige \u00d6konomiegeb\u00e4ude des st\u00e4dtischen Rebguts in La Neuveville f\u00fcr 3,31 Mio. CHF sanieren. Im Zuge der Arbeiten soll neuer Wohnraum entstehen.<\/span><\/span><\/p>","protected":false},"author":23,"featured_media":0,"comment_status":"closed","ping_status":"closed","sticky":false,"template":"","format":"standard","meta":{"_acf_changed":false,"footnotes":""},"categories":[5],"tags":[25,11,4],"class_list":["post-2497","post","type-post","status-publish","format-standard","hentry","category-ib","tag-be","tag-in-planung","tag-mehrfamilienhaus-miete"],"acf":[],"_links":{"self":[{"href":"https:\/\/develop.immobilienbusiness.ch\/it\/wp-json\/wp\/v2\/posts\/2497","targetHints":{"allow":["GET"]}}],"collection":[{"href":"https:\/\/develop.immobilienbusiness.ch\/it\/wp-json\/wp\/v2\/posts"}],"about":[{"href":"https:\/\/develop.immobilienbusiness.ch\/it\/wp-json\/wp\/v2\/types\/post"}],"author":[{"embeddable":true,"href":"https:\/\/develop.immobilienbusiness.ch\/it\/wp-json\/wp\/v2\/users\/23"}],"replies":[{"embeddable":true,"href":"https:\/\/develop.immobilienbusiness.ch\/it\/wp-json\/wp\/v2\/comments?post=2497"}],"version-history":[{"count":0,"href":"https:\/\/develop.immobilienbusiness.ch\/it\/wp-json\/wp\/v2\/posts\/2497\/revisions"}],"wp:attachment":[{"href":"https:\/\/develop.immobilienbusiness.ch\/it\/wp-json\/wp\/v2\/media?parent=2497"}],"wp:term":[{"taxonomy":"category","embeddable":true,"href":"https:\/\/develop.immobilienbusiness.ch\/it\/wp-json\/wp\/v2\/categories?post=2497"},{"taxonomy":"post_tag","embeddable":true,"href":"https:\/\/develop.immobilienbusiness.ch\/it\/wp-json\/wp\/v2\/tags?post=2497"}],"curies":[{"name":"wp","href":"https:\/\/api.w.org\/{rel}","templated":true}]}}