{"id":2399,"date":"2021-10-17T17:54:49","date_gmt":"2021-10-17T15:54:49","guid":{"rendered":"https:\/\/develop.immobilienbusiness.ch\/de\/allgemein\/2021-10-17\/livit-key-account-management-unter-neuer-leitung\/"},"modified":"2021-10-17T17:54:49","modified_gmt":"2021-10-17T15:54:49","slug":"livit-key-account-management-unter-neuer-leitung","status":"publish","type":"post","link":"https:\/\/develop.immobilienbusiness.ch\/it\/ib\/2021-10-17\/livit-key-account-management-unter-neuer-leitung\/","title":{"rendered":"Livit: Key Account Management unter neuer Leitung"},"content":{"rendered":"<p><span><span><span>Carlo Schuler ist eidg. diplomierter Immobilien-Tr\u00e4uh\u00e4nder mit Nachdiplomstudium im Bereich Leadership und verf\u00fcgt, wie Livit mitteilt, \u00fcber 15 Jahre Erfahrung in der Immobilienbranche. <\/span><\/span><\/span><span><span><span>Livit, ein Schweizer Unternehmen f\u00fcr Real Estate Management, ist seit 1999 hundertprozentige Tochter des Versicherungskonzerns Swiss Life und besch\u00e4ftigt derzeit mehr als 1.200 Mitarbeiter und Mitarbeiterinnen in neun Niederlassungen in der ganzen Schweiz in den Bereichen Bewirtschaftung, Vermietungsmanagement, Baumanagement, Facility Management sowie Center- und Arealmanagement.<\/span><\/span><\/span><\/p>","protected":false},"excerpt":{"rendered":"<p><span><span><span>Carlo Schuler, seit Juli 2019 als Abteilungsleiter Bewirtschaftung bei der Livit AG, Z\u00fcrich, t\u00e4tig, hat zum 1. Oktober 2021 die Leitung des Key Account Managment der Livit AG \u00fcbernommen. <\/span><\/span><\/span><\/p>\n<p>\u00a0<\/p>","protected":false},"author":24,"featured_media":0,"comment_status":"closed","ping_status":"closed","sticky":false,"template":"","format":"standard","meta":{"_acf_changed":false,"footnotes":""},"categories":[5],"tags":[51,74],"class_list":["post-2399","post","type-post","status-publish","format-standard","hentry","category-ib","tag-facility-property-manager","tag-personalia"],"acf":[],"_links":{"self":[{"href":"https:\/\/develop.immobilienbusiness.ch\/it\/wp-json\/wp\/v2\/posts\/2399","targetHints":{"allow":["GET"]}}],"collection":[{"href":"https:\/\/develop.immobilienbusiness.ch\/it\/wp-json\/wp\/v2\/posts"}],"about":[{"href":"https:\/\/develop.immobilienbusiness.ch\/it\/wp-json\/wp\/v2\/types\/post"}],"author":[{"embeddable":true,"href":"https:\/\/develop.immobilienbusiness.ch\/it\/wp-json\/wp\/v2\/users\/24"}],"replies":[{"embeddable":true,"href":"https:\/\/develop.immobilienbusiness.ch\/it\/wp-json\/wp\/v2\/comments?post=2399"}],"version-history":[{"count":0,"href":"https:\/\/develop.immobilienbusiness.ch\/it\/wp-json\/wp\/v2\/posts\/2399\/revisions"}],"wp:attachment":[{"href":"https:\/\/develop.immobilienbusiness.ch\/it\/wp-json\/wp\/v2\/media?parent=2399"}],"wp:term":[{"taxonomy":"category","embeddable":true,"href":"https:\/\/develop.immobilienbusiness.ch\/it\/wp-json\/wp\/v2\/categories?post=2399"},{"taxonomy":"post_tag","embeddable":true,"href":"https:\/\/develop.immobilienbusiness.ch\/it\/wp-json\/wp\/v2\/tags?post=2399"}],"curies":[{"name":"wp","href":"https:\/\/api.w.org\/{rel}","templated":true}]}}