{"id":2277,"date":"2021-09-15T08:45:54","date_gmt":"2021-09-15T06:45:54","guid":{"rendered":"https:\/\/develop.immobilienbusiness.ch\/de\/allgemein\/2021-09-15\/genf-decathlon-eroffnet-zwei-filialen\/"},"modified":"2021-09-15T08:45:54","modified_gmt":"2021-09-15T06:45:54","slug":"genf-decathlon-eroffnet-zwei-filialen","status":"publish","type":"post","link":"https:\/\/develop.immobilienbusiness.ch\/it\/ib\/2021-09-15\/genf-decathlon-eroffnet-zwei-filialen\/","title":{"rendered":"Genf: Decathlon er\u00f6ffnet zwei Filialen"},"content":{"rendered":"<p><span><span><span><span><a href=\"https:\/\/de.fashionnetwork.com\/news\/Decathlon-baut-seine-prasenz-in-genf-aus,1333258.html\">Laut einem Bericht des Onlineportals <\/a><em><a href=\"https:\/\/de.fashionnetwork.com\/news\/Decathlon-baut-seine-prasenz-in-genf-aus,1333258.html\">Fashionnetwork<\/a> <\/em>will Decathlon Ende Oktober ein neues, 293 qm grosses Gesch\u00e4ft im Genfer Einkaufszentrum Eaux-Vives 2000 er\u00f6ffnen. Das Unternehmen biete am neuen Standort auch Dienstleistungen wie einen Drive-in-Service auf zwei speziell daf\u00fcr vorgesehenen Parkpl\u00e4tzen im Parkhaus an, heisst es.<\/span><\/span><\/span><\/span><\/p>\n<p><span><span><span><span>Im Einkaufszentrum Les Cygnes wird Decathlon dem Bericht zufolge am 24. November eine neue Verkaufsfl\u00e4che am bisherigen Standort des V\u00f6gele-Schuhgesch\u00e4fts er\u00f6ffnen. Das Unternehmen wird mit dem Umzug seine Verkaufsfl\u00e4che auf 630 qm verdoppeln. Sowohl das Einkaufszentrum Eaux-Vives 2000 als auch das Les Cygnes geh\u00f6ren der Swiss Life. <\/span><\/span><\/span><\/span><\/p>","protected":false},"excerpt":{"rendered":"<p><span><span><span><span>Der Sportartikelh\u00e4ndler Decathlon er\u00f6ffnet ein neues Gesch\u00e4ft im Genfer Einkaufszentrum Eaux Vives 2000. Im Einkaufszentrum Les Cygnes bezieht er ausserdem eine neue, gr\u00f6ssere Fl\u00e4che.<\/span><\/span><\/span><\/span><\/p>","protected":false},"author":23,"featured_media":0,"comment_status":"closed","ping_status":"closed","sticky":false,"template":"","format":"standard","meta":{"_acf_changed":false,"footnotes":""},"categories":[5],"tags":[53,16,40],"class_list":["post-2277","post","type-post","status-publish","format-standard","hentry","category-ib","tag-ge","tag-retail","tag-vermietung"],"acf":[],"_links":{"self":[{"href":"https:\/\/develop.immobilienbusiness.ch\/it\/wp-json\/wp\/v2\/posts\/2277","targetHints":{"allow":["GET"]}}],"collection":[{"href":"https:\/\/develop.immobilienbusiness.ch\/it\/wp-json\/wp\/v2\/posts"}],"about":[{"href":"https:\/\/develop.immobilienbusiness.ch\/it\/wp-json\/wp\/v2\/types\/post"}],"author":[{"embeddable":true,"href":"https:\/\/develop.immobilienbusiness.ch\/it\/wp-json\/wp\/v2\/users\/23"}],"replies":[{"embeddable":true,"href":"https:\/\/develop.immobilienbusiness.ch\/it\/wp-json\/wp\/v2\/comments?post=2277"}],"version-history":[{"count":0,"href":"https:\/\/develop.immobilienbusiness.ch\/it\/wp-json\/wp\/v2\/posts\/2277\/revisions"}],"wp:attachment":[{"href":"https:\/\/develop.immobilienbusiness.ch\/it\/wp-json\/wp\/v2\/media?parent=2277"}],"wp:term":[{"taxonomy":"category","embeddable":true,"href":"https:\/\/develop.immobilienbusiness.ch\/it\/wp-json\/wp\/v2\/categories?post=2277"},{"taxonomy":"post_tag","embeddable":true,"href":"https:\/\/develop.immobilienbusiness.ch\/it\/wp-json\/wp\/v2\/tags?post=2277"}],"curies":[{"name":"wp","href":"https:\/\/api.w.org\/{rel}","templated":true}]}}