{"id":2150,"date":"2021-08-11T08:54:41","date_gmt":"2021-08-11T06:54:41","guid":{"rendered":"https:\/\/develop.immobilienbusiness.ch\/de\/allgemein\/2021-08-11\/basel-gelateria-di-berna-eroffnet-eine-filiale\/"},"modified":"2021-08-11T08:54:41","modified_gmt":"2021-08-11T06:54:41","slug":"basel-gelateria-di-berna-eroffnet-eine-filiale","status":"publish","type":"post","link":"https:\/\/develop.immobilienbusiness.ch\/it\/ib\/2021-08-11\/basel-gelateria-di-berna-eroffnet-eine-filiale\/","title":{"rendered":"Basel: Gelateria di Berna er\u00f6ffnet eine Filiale"},"content":{"rendered":"<p><span><span><span><span><span><span><span>Gelateria di Berna betreibt in Bern und Z\u00fcrich bereits sieben Standorte, nun wagt das Unternehmen auch den Schritt nach Basel. Am 12. August er\u00f6ffnet eine Filiale an der <\/span><\/span><\/span><\/span>Offenburgerstrasse 32, unweit der Dreirosenbr\u00fccke.<\/span><\/span><\/span><\/p>\n<p><span><span><span><a href=\"https:\/\/www.derbund.ch\/gelateria-di-berna-expandiert-nach-basel-697253002489\">Wie einer der Unternehmensgr\u00fcndet gegen\u00fcber dem <em>Bund<\/em> sagte,<\/a> sei vorl\u00e4ufig keine weitere Filiale geplant: Es m\u00fcsse k\u00fcnftig \u00abganz viel zusammenpassen\u00bb, dass das Unternehmen sich wieder in ein solches Abenteuer st\u00fcrze.<\/span><\/span><\/span><\/p>","protected":false},"excerpt":{"rendered":"<p><span><span><span><span><span><span><span>Die Berner Eismanufaktur Gelateria di Berna er\u00f6ffnet erstmals eine Filiale in Basel. Das \u00abLaboratorio Kleinbasel\u00bb befindet sich in der Offenburgerstrasse.<\/span><\/span><\/span><\/span><\/span><\/span><\/span><\/p>","protected":false},"author":23,"featured_media":0,"comment_status":"closed","ping_status":"closed","sticky":false,"template":"","format":"standard","meta":{"_acf_changed":false,"footnotes":""},"categories":[5],"tags":[2,16,40],"class_list":["post-2150","post","type-post","status-publish","format-standard","hentry","category-ib","tag-bs","tag-retail","tag-vermietung"],"acf":[],"_links":{"self":[{"href":"https:\/\/develop.immobilienbusiness.ch\/it\/wp-json\/wp\/v2\/posts\/2150","targetHints":{"allow":["GET"]}}],"collection":[{"href":"https:\/\/develop.immobilienbusiness.ch\/it\/wp-json\/wp\/v2\/posts"}],"about":[{"href":"https:\/\/develop.immobilienbusiness.ch\/it\/wp-json\/wp\/v2\/types\/post"}],"author":[{"embeddable":true,"href":"https:\/\/develop.immobilienbusiness.ch\/it\/wp-json\/wp\/v2\/users\/23"}],"replies":[{"embeddable":true,"href":"https:\/\/develop.immobilienbusiness.ch\/it\/wp-json\/wp\/v2\/comments?post=2150"}],"version-history":[{"count":0,"href":"https:\/\/develop.immobilienbusiness.ch\/it\/wp-json\/wp\/v2\/posts\/2150\/revisions"}],"wp:attachment":[{"href":"https:\/\/develop.immobilienbusiness.ch\/it\/wp-json\/wp\/v2\/media?parent=2150"}],"wp:term":[{"taxonomy":"category","embeddable":true,"href":"https:\/\/develop.immobilienbusiness.ch\/it\/wp-json\/wp\/v2\/categories?post=2150"},{"taxonomy":"post_tag","embeddable":true,"href":"https:\/\/develop.immobilienbusiness.ch\/it\/wp-json\/wp\/v2\/tags?post=2150"}],"curies":[{"name":"wp","href":"https:\/\/api.w.org\/{rel}","templated":true}]}}