{"id":2049,"date":"2021-07-06T09:02:28","date_gmt":"2021-07-06T07:02:28","guid":{"rendered":"https:\/\/develop.immobilienbusiness.ch\/de\/allgemein\/2021-07-06\/neuer-verwaltungsrat-fur-fundamenta\/"},"modified":"2021-07-06T09:02:28","modified_gmt":"2021-07-06T07:02:28","slug":"neuer-verwaltungsrat-fur-fundamenta","status":"publish","type":"post","link":"https:\/\/develop.immobilienbusiness.ch\/it\/ib\/2021-07-06\/neuer-verwaltungsrat-fur-fundamenta\/","title":{"rendered":"Neuer Verwaltungsrat f\u00fcr Fundamenta"},"content":{"rendered":"<p><span><span><span>Die Generalversammlung der Fundamenta Group Holding AG hat Urs Gauch per 2. Juli 2021 zum Mitglied des Verwaltungsrats gew\u00e4hlt. Gauch ist seit 2015 f\u00fcr Raiffeisen Schweiz t\u00e4tig: Er geh\u00f6rt der Gesch\u00e4ftsleitung an, leitet das Firmenkundengesch\u00e4ft der Raiffeisen Gruppe und f\u00fchrt die sechs Niederlassungen. Davor arbeitete Gauch viele Jahre in verschiedenen F\u00fchrungspositionen f\u00fcr die Credit Suisse, u.a. als Managing Director. <\/span><\/span><\/span><\/p>\n<p><span><span><span>Ende 2021 wird Gauch bei Raiffeisen ausscheiden, und im Januar 2022 soll er David Garcia als operativen Verwaltungsratspr\u00e4sidenten von Fundamenta abl\u00f6sen, teilt die Immobiliengesellschaft mit. Unternehmensgr\u00fcnder Garcia werde nach der \u00dcbergabe des Pr\u00e4sidiums an Urs Gauch dem Verwaltungsrat als Mitglied angeh\u00f6ren und dann vor allem \u00abImpulsgeber f\u00fcr die strategische Weiterentwicklung und wichtige Projekte\u00bb sein, so Fundamenta weiter.<\/span><\/span><\/span><\/p>\n<p><span><span><span>Mit Gauch werde der Verwaltungsrat durch einen \u00abausgewiesenen Finanzfachmann mit beeindruckendem Leistungsausweis im Bankensektor und speziell im Firmenkundengesch\u00e4ft\u00bb verst\u00e4rkt, so Garcia. Mit seinem Zugang werde sich der Ausbau der Fundamenta Group beschleunigen, ist er \u00fcberzeugt.<\/span><\/span><\/span><\/p>","protected":false},"excerpt":{"rendered":"<p><span><span><span>Urs Gauch, derzeit Mitglied der Gesch\u00e4ftsleitung von Raiffeisen Schweiz, ist zum Verwaltungsratsmitglied der Fundamenta Group Holding gew\u00e4hlt worden. Er soll die Nachfolge von David Garcia als VR-Pr\u00e4sident antreten.<\/span><\/span><\/span><\/p>","protected":false},"author":23,"featured_media":0,"comment_status":"closed","ping_status":"closed","sticky":false,"template":"","format":"standard","meta":{"_acf_changed":false,"footnotes":""},"categories":[5],"tags":[45,74],"class_list":["post-2049","post","type-post","status-publish","format-standard","hentry","category-ib","tag-asset-manager","tag-personalia"],"acf":[],"_links":{"self":[{"href":"https:\/\/develop.immobilienbusiness.ch\/it\/wp-json\/wp\/v2\/posts\/2049","targetHints":{"allow":["GET"]}}],"collection":[{"href":"https:\/\/develop.immobilienbusiness.ch\/it\/wp-json\/wp\/v2\/posts"}],"about":[{"href":"https:\/\/develop.immobilienbusiness.ch\/it\/wp-json\/wp\/v2\/types\/post"}],"author":[{"embeddable":true,"href":"https:\/\/develop.immobilienbusiness.ch\/it\/wp-json\/wp\/v2\/users\/23"}],"replies":[{"embeddable":true,"href":"https:\/\/develop.immobilienbusiness.ch\/it\/wp-json\/wp\/v2\/comments?post=2049"}],"version-history":[{"count":0,"href":"https:\/\/develop.immobilienbusiness.ch\/it\/wp-json\/wp\/v2\/posts\/2049\/revisions"}],"wp:attachment":[{"href":"https:\/\/develop.immobilienbusiness.ch\/it\/wp-json\/wp\/v2\/media?parent=2049"}],"wp:term":[{"taxonomy":"category","embeddable":true,"href":"https:\/\/develop.immobilienbusiness.ch\/it\/wp-json\/wp\/v2\/categories?post=2049"},{"taxonomy":"post_tag","embeddable":true,"href":"https:\/\/develop.immobilienbusiness.ch\/it\/wp-json\/wp\/v2\/tags?post=2049"}],"curies":[{"name":"wp","href":"https:\/\/api.w.org\/{rel}","templated":true}]}}