{"id":1930,"date":"2021-06-09T14:16:58","date_gmt":"2021-06-09T12:16:58","guid":{"rendered":"https:\/\/develop.immobilienbusiness.ch\/de\/allgemein\/2021-06-09\/rorschach-gestaltungsplan-fur-das-feldmuhle-areal-liegt-offentlich-auf\/"},"modified":"2021-06-09T14:16:58","modified_gmt":"2021-06-09T12:16:58","slug":"rorschach-gestaltungsplan-fur-das-feldmuhle-areal-liegt-offentlich-auf","status":"publish","type":"post","link":"https:\/\/develop.immobilienbusiness.ch\/it\/ib\/2021-06-09\/rorschach-gestaltungsplan-fur-das-feldmuhle-areal-liegt-offentlich-auf\/","title":{"rendered":"Rorschach: Gestaltungsplan f\u00fcr das Feldm\u00fchle-Areal liegt \u00f6ffentlich auf"},"content":{"rendered":"<p><span><span><span>Der Gestaltungsplan f\u00fcr das 27.500 qm grosse Feldm\u00fchle-Areal basiert auf dem Projekt des Architekturb\u00fcros Baumberger &amp; Stegmeier, das den Studienauftrag gewonnen hat. Geplant sind nach Angaben der Steiner Investment Foundation je rund 40% Eigentums- und Mietwohnungen. Rund ein F\u00fcnftel der Fl\u00e4che ist f\u00fcr Gewerbenutzungen vorgesehen. <\/span><\/span><\/span><\/p>\n<p><span><span><span>Die historischen Bauten auf dem ehemaligen Industrieareal sollen erhalten bleiben und mit Neubauten in einen Kontext gesetzt werden. So will man den urspr\u00fcnglichen Charakter der fr\u00fcheren Industrieanlage in der Architektur und Umgebungsgestaltung sp\u00fcrbar machen. Bei reibungslosem Verlauf k\u00f6nnte das Projekt im Jahr 2025 fertiggestellt sein, so die Steiner Investment Foundation. <\/span><\/span><\/span><\/p>","protected":false},"excerpt":{"rendered":"<p><span><span><span>Die Steiner Investment Foundation als Investorin und die Steiner AG als Projektentwicklerin wollen das leerstehenden Feldm\u00fchle-Areal in Rorschach (SG) zu einem Wohn- und Gewerbequartier machen. Der Teilzonen- und der Gestaltungsplan liegen noch bis am 21. April 2021 \u00f6ffentlich auf.<\/span><\/span><\/span><\/p>","protected":false},"author":23,"featured_media":0,"comment_status":"closed","ping_status":"closed","sticky":false,"template":"","format":"standard","meta":{"_acf_changed":false,"footnotes":""},"categories":[5],"tags":[7,11,4,14,16,48],"class_list":["post-1930","post","type-post","status-publish","format-standard","hentry","category-ib","tag-buro","tag-in-planung","tag-mehrfamilienhaus-miete","tag-mfh-stockwerkeigentum","tag-retail","tag-sg"],"acf":[],"_links":{"self":[{"href":"https:\/\/develop.immobilienbusiness.ch\/it\/wp-json\/wp\/v2\/posts\/1930","targetHints":{"allow":["GET"]}}],"collection":[{"href":"https:\/\/develop.immobilienbusiness.ch\/it\/wp-json\/wp\/v2\/posts"}],"about":[{"href":"https:\/\/develop.immobilienbusiness.ch\/it\/wp-json\/wp\/v2\/types\/post"}],"author":[{"embeddable":true,"href":"https:\/\/develop.immobilienbusiness.ch\/it\/wp-json\/wp\/v2\/users\/23"}],"replies":[{"embeddable":true,"href":"https:\/\/develop.immobilienbusiness.ch\/it\/wp-json\/wp\/v2\/comments?post=1930"}],"version-history":[{"count":0,"href":"https:\/\/develop.immobilienbusiness.ch\/it\/wp-json\/wp\/v2\/posts\/1930\/revisions"}],"wp:attachment":[{"href":"https:\/\/develop.immobilienbusiness.ch\/it\/wp-json\/wp\/v2\/media?parent=1930"}],"wp:term":[{"taxonomy":"category","embeddable":true,"href":"https:\/\/develop.immobilienbusiness.ch\/it\/wp-json\/wp\/v2\/categories?post=1930"},{"taxonomy":"post_tag","embeddable":true,"href":"https:\/\/develop.immobilienbusiness.ch\/it\/wp-json\/wp\/v2\/tags?post=1930"}],"curies":[{"name":"wp","href":"https:\/\/api.w.org\/{rel}","templated":true}]}}