{"id":191,"date":"2020-04-18T11:03:08","date_gmt":"2020-04-18T09:03:08","guid":{"rendered":"https:\/\/develop.immobilienbusiness.ch\/de\/allgemein\/2020-04-18\/flughafen-zurich-ag-will-dividendenzahlung-aussetzen\/"},"modified":"2020-04-18T11:03:08","modified_gmt":"2020-04-18T09:03:08","slug":"flughafen-zurich-ag-will-dividendenzahlung-aussetzen","status":"publish","type":"post","link":"https:\/\/develop.immobilienbusiness.ch\/it\/ib\/2020-04-18\/flughafen-zurich-ag-will-dividendenzahlung-aussetzen\/","title":{"rendered":"Flughafen Z\u00fcrich AG will Dividendenzahlung aussetzen"},"content":{"rendered":"<p><span><span>Die Auswirkungen der Krise rund um das Coronavirus f\u00fchren seit Mitte M\u00e4rz zu deutlichen Ertragseinbussen f\u00fcr die Flughafen Z\u00fcrich AG. Der Verwaltungsrat und das Management zeigen sich gem\u00e4ss einer Mitteilung \u00fcberzeugt, dass die Flughafengesellschaft \u00abmit einer starken Bilanz und den getroffenen Massnahmen zur Reduktion von Betriebskosten und Investitionen f\u00fcr die aktuelle Situation robust aufgestellt und solide finanziert ist\u00bb. Man verweist auf Einsch\u00e4tzungen der Ratingagenturen Standard &amp; Poor\u2019s sowie Fedafin AG, welche j\u00fcngst beide das AA-Rating der Flughafen Z\u00fcrich AG best\u00e4tigten. Bei Bedarf w\u00fcrden Finanzierungen priorit\u00e4r \u00fcber den Schweizer Kapitalmarkt gepr\u00fcft, heisst es. Die Flughafen Z\u00fcrich AG gehe gem\u00e4ss aktuellem Stand davon aus, dass sie keinen \u00dcberbr\u00fcckungskredit des Bundes beantragen muss.<\/span><\/span><\/p>\n<p><span><span>In der aktuellen, ausserordentlichen Situation hat f\u00fcr die Flughafen Z\u00fcrich AG die Sicherung der Liquidit\u00e4t oberste Priorit\u00e4t. Man habe bereits umfassende Liquidit\u00e4tssicherungs- und Kostensenkungsmassnahmen beschlossen und umgesetzt, Kurzarbeit eingef\u00fchrt und die Investitionsplanung werde laufend angepasst. Als weitere Massnahme wird nun der Verzicht auf die Aussch\u00fcttung von Dividenden an der f\u00fcr den 11. Juni 2020 anberaumten Generalversammlung beantragt. Aufgrund der Regelung des Bundesrates, weiterhin auf Grossanl\u00e4sse zu verzichten, wird eine Durchf\u00fchrung ohne physische Teilnahmem\u00f6glichkeit geplant.<\/span><\/span><\/p>\n<p><span><span>\u00abDie Flughafen Z\u00fcrich AG ist ein langfristig ausgerichtetes und solides Unternehmen. Wir erachten es im Sinne einer verantwortungsbewussten Unternehmensf\u00fchrung als wichtig, die Liquidit\u00e4t im Unternehmen zu behalten, um die Krise sicher und unternehmerisch bew\u00e4ltigen zu k\u00f6nnen\u00bb, begr\u00fcndet Verwaltungsratspr\u00e4sident Andreas Schmid den Schritt. Die Flughafen Z\u00fcrich AG pflege seit Jahren eine attraktive Dividendenpolitik, so Schmid weiter: \u00abAussch\u00fcttungen von Zusatzdividenden aus Kapitaleinlagereserven seien in Zukunft nach wie vor m\u00f6glich, sofern die betriebswirtschaftlichen Aussichten der Unternehmung und das wirtschaftliche Umfeld dies zulassen.\u00bb <\/span><\/span><\/p>","protected":false},"excerpt":{"rendered":"<p><span><span>Wie vielen Flughafenbetreibern macht der Verkehrseinbruch aufgrund der Covid-19-Pandemie auch der Flughafen Z\u00fcrich AG zu schaffen. Der Verwaltungsrat schl\u00e4gt daher vor, auf die Dividendenaussch\u00fcttung zu verzichten.<\/span><\/span><br \/>\n\u00a0<\/p>","protected":false},"author":24,"featured_media":0,"comment_status":"closed","ping_status":"closed","sticky":false,"template":"","format":"standard","meta":{"_acf_changed":false,"footnotes":""},"categories":[5],"tags":[42],"class_list":["post-191","post","type-post","status-publish","format-standard","hentry","category-ib","tag-zh"],"acf":[],"_links":{"self":[{"href":"https:\/\/develop.immobilienbusiness.ch\/it\/wp-json\/wp\/v2\/posts\/191","targetHints":{"allow":["GET"]}}],"collection":[{"href":"https:\/\/develop.immobilienbusiness.ch\/it\/wp-json\/wp\/v2\/posts"}],"about":[{"href":"https:\/\/develop.immobilienbusiness.ch\/it\/wp-json\/wp\/v2\/types\/post"}],"author":[{"embeddable":true,"href":"https:\/\/develop.immobilienbusiness.ch\/it\/wp-json\/wp\/v2\/users\/24"}],"replies":[{"embeddable":true,"href":"https:\/\/develop.immobilienbusiness.ch\/it\/wp-json\/wp\/v2\/comments?post=191"}],"version-history":[{"count":0,"href":"https:\/\/develop.immobilienbusiness.ch\/it\/wp-json\/wp\/v2\/posts\/191\/revisions"}],"wp:attachment":[{"href":"https:\/\/develop.immobilienbusiness.ch\/it\/wp-json\/wp\/v2\/media?parent=191"}],"wp:term":[{"taxonomy":"category","embeddable":true,"href":"https:\/\/develop.immobilienbusiness.ch\/it\/wp-json\/wp\/v2\/categories?post=191"},{"taxonomy":"post_tag","embeddable":true,"href":"https:\/\/develop.immobilienbusiness.ch\/it\/wp-json\/wp\/v2\/tags?post=191"}],"curies":[{"name":"wp","href":"https:\/\/api.w.org\/{rel}","templated":true}]}}