{"id":1733,"date":"2021-04-28T09:07:17","date_gmt":"2021-04-28T07:07:17","guid":{"rendered":"https:\/\/develop.immobilienbusiness.ch\/de\/allgemein\/2021-04-28\/wincasa-neue-leiterin-fur-das-mixed-use-site-management-basel\/"},"modified":"2021-04-28T09:07:17","modified_gmt":"2021-04-28T07:07:17","slug":"wincasa-neue-leiterin-fur-das-mixed-use-site-management-basel","status":"publish","type":"post","link":"https:\/\/develop.immobilienbusiness.ch\/it\/ib\/2021-04-28\/wincasa-neue-leiterin-fur-das-mixed-use-site-management-basel\/","title":{"rendered":"Wincasa: Neue Leiterin f\u00fcr das Mixed-Use Site Management Basel"},"content":{"rendered":"<p><span><span><span>St\u00e9phanie Brack werde die erste Frau sein, die die Position als Leiterin Mixed-Use Site Management (MUSM) \u00fcbernimmt und auch die j\u00fcngste MUSM-Verantwortliche im Unternehmen, teilt Wincasa mit. In Bracks Zust\u00e4ndigkeitsbereich fallen die Areale St\u00fccki Park, Spenglerpark und das Klybeck-Areal. Sie tritt ihre neue Position zum 1. Mai 2021 an. <\/span><\/span><\/span><\/p>\n<p><span><span><span>Brack ist seit mehr als zehn Jahren mit Schwerpunkt Bewirtschaftung, Vermarktung und Bewertung von Anlageimmobilien in der Immobilienbranche t\u00e4tig. Ab Februar 2020 hat sie bei Wincasa als Tenant Development Managerin die verschiedenen MUSM-Teams \u00fcbergeordnet in Vermarktungs- und Vermietungsthemen, bei strategischen \u00dcberlegungen sowie beim Mieter- und Community-Management beraten. Anfang 2021 \u00fcbernahm sie zudem die Leitung des Teams MUSM Basel Klybeck ad interim.<\/span><\/span><\/span><\/p>\n<p><span><span><span>Nach Ansicht von Wincasa hat die Region Basel eine hohe Standortattraktivit\u00e4t und bietet viel Potential im Bereich des Mixed-Use Site Managements. Daher komme der Entwicklung neuer Angebote und zielgruppenspezifischer Dienstleistungen eine grosse Wichtigkeit zu.<\/span><\/span><\/span><\/p>\n<p><span><span><span>Neben St\u00e9phanie Brack sind zwei weitere Frauen im Team MUSM Basel in F\u00fchrungspositionen t\u00e4tig: Seit Februar ist Beatrice Ludwig-Sailer Real Estate Site Managerin im Klybeck-Areal. Im St\u00fccki-Park-Mandat wird Sarra Blum ab Oktober die Position als Real Estate Site Managerin innehaben. Sie war bereits Kaufm\u00e4nnische Leiterin des St\u00fccki Parks, davor arbeitete sie als Head of Office Services bei Lonza.<\/span><\/span><\/span><\/p>","protected":false},"excerpt":{"rendered":"<p><span><span><span>St\u00e9phanie Brack \u00fcbernimmt die Leitung des Mixed-Use Site Management-Standorts Basel beim Immobiliendienstleister Wincasa. <\/span><\/span><\/span><\/p>","protected":false},"author":23,"featured_media":0,"comment_status":"closed","ping_status":"closed","sticky":false,"template":"","format":"standard","meta":{"_acf_changed":false,"footnotes":""},"categories":[5],"tags":[51,74],"class_list":["post-1733","post","type-post","status-publish","format-standard","hentry","category-ib","tag-facility-property-manager","tag-personalia"],"acf":[],"_links":{"self":[{"href":"https:\/\/develop.immobilienbusiness.ch\/it\/wp-json\/wp\/v2\/posts\/1733","targetHints":{"allow":["GET"]}}],"collection":[{"href":"https:\/\/develop.immobilienbusiness.ch\/it\/wp-json\/wp\/v2\/posts"}],"about":[{"href":"https:\/\/develop.immobilienbusiness.ch\/it\/wp-json\/wp\/v2\/types\/post"}],"author":[{"embeddable":true,"href":"https:\/\/develop.immobilienbusiness.ch\/it\/wp-json\/wp\/v2\/users\/23"}],"replies":[{"embeddable":true,"href":"https:\/\/develop.immobilienbusiness.ch\/it\/wp-json\/wp\/v2\/comments?post=1733"}],"version-history":[{"count":0,"href":"https:\/\/develop.immobilienbusiness.ch\/it\/wp-json\/wp\/v2\/posts\/1733\/revisions"}],"wp:attachment":[{"href":"https:\/\/develop.immobilienbusiness.ch\/it\/wp-json\/wp\/v2\/media?parent=1733"}],"wp:term":[{"taxonomy":"category","embeddable":true,"href":"https:\/\/develop.immobilienbusiness.ch\/it\/wp-json\/wp\/v2\/categories?post=1733"},{"taxonomy":"post_tag","embeddable":true,"href":"https:\/\/develop.immobilienbusiness.ch\/it\/wp-json\/wp\/v2\/tags?post=1733"}],"curies":[{"name":"wp","href":"https:\/\/api.w.org\/{rel}","templated":true}]}}