{"id":1732,"date":"2021-04-28T08:50:19","date_gmt":"2021-04-28T06:50:19","guid":{"rendered":"https:\/\/develop.immobilienbusiness.ch\/de\/allgemein\/2021-04-28\/hiag-kauft-logistikimmobilie-in-buchs\/"},"modified":"2021-04-28T08:50:19","modified_gmt":"2021-04-28T06:50:19","slug":"hiag-kauft-logistikimmobilie-in-buchs","status":"publish","type":"post","link":"https:\/\/develop.immobilienbusiness.ch\/it\/ib\/2021-04-28\/hiag-kauft-logistikimmobilie-in-buchs\/","title":{"rendered":"Hiag kauft Logistikimmobilie in Buchs"},"content":{"rendered":"<p><span><span><span>Wie Hiag mitteilt, ist die Liegenschaft f\u00fcr verschiedene Lager- und Logistikkonzepte nutzbar und liegt im verkehrstechnisch gut erschlossenen \u00abWynenfeld\u00bb in Buchs. Das 2007 erbaute Objekt verf\u00fcge \u00fcber eine Nutzfl\u00e4che von 21.000 qm, die Grundst\u00fccksfl\u00e4che wird mit rund 39.000 qm angegeben. Hiag hat es im Rahmen eines Share-Deals erworben.<\/span><\/span><\/span><\/p>\n<p><span><span><span>Mieterin der Immobilie sei ein Unternehmen der europ\u00e4ischen Bekleidungsindustrie; der Dach- und Fach-Mietvertrag habe eine Vertragslaufzeit von derzeit 6,8 Jahren, so Hiag weiter. Das Unternehmen reihe sich im Zuge der Transaktion unter die Top-drei-Mieter der Immobiliengesellschaft ein. Angaben zum Kaufpreis macht Hiag nicht.<\/span><\/span><\/span><\/p>","protected":false},"excerpt":{"rendered":"<p><span><span><span>Die Hiag Immobilien Holding hat eine vollvermietete Logistikliegenschaft in Buchs (AG) erworben. <\/span><\/span><\/span><\/p>","protected":false},"author":23,"featured_media":0,"comment_status":"closed","ping_status":"closed","sticky":false,"template":"","format":"standard","meta":{"_acf_changed":false,"footnotes":""},"categories":[5],"tags":[6,38,41],"class_list":["post-1732","post","type-post","status-publish","format-standard","hentry","category-ib","tag-ag","tag-logistik","tag-verkauf"],"acf":[],"_links":{"self":[{"href":"https:\/\/develop.immobilienbusiness.ch\/it\/wp-json\/wp\/v2\/posts\/1732","targetHints":{"allow":["GET"]}}],"collection":[{"href":"https:\/\/develop.immobilienbusiness.ch\/it\/wp-json\/wp\/v2\/posts"}],"about":[{"href":"https:\/\/develop.immobilienbusiness.ch\/it\/wp-json\/wp\/v2\/types\/post"}],"author":[{"embeddable":true,"href":"https:\/\/develop.immobilienbusiness.ch\/it\/wp-json\/wp\/v2\/users\/23"}],"replies":[{"embeddable":true,"href":"https:\/\/develop.immobilienbusiness.ch\/it\/wp-json\/wp\/v2\/comments?post=1732"}],"version-history":[{"count":0,"href":"https:\/\/develop.immobilienbusiness.ch\/it\/wp-json\/wp\/v2\/posts\/1732\/revisions"}],"wp:attachment":[{"href":"https:\/\/develop.immobilienbusiness.ch\/it\/wp-json\/wp\/v2\/media?parent=1732"}],"wp:term":[{"taxonomy":"category","embeddable":true,"href":"https:\/\/develop.immobilienbusiness.ch\/it\/wp-json\/wp\/v2\/categories?post=1732"},{"taxonomy":"post_tag","embeddable":true,"href":"https:\/\/develop.immobilienbusiness.ch\/it\/wp-json\/wp\/v2\/tags?post=1732"}],"curies":[{"name":"wp","href":"https:\/\/api.w.org\/{rel}","templated":true}]}}