{"id":1631,"date":"2021-03-19T17:08:03","date_gmt":"2021-03-19T16:08:03","guid":{"rendered":"https:\/\/develop.immobilienbusiness.ch\/de\/allgemein\/2021-03-19\/zurich-ameron-bellerive-au-lac-eroffnet-im-mai\/"},"modified":"2021-03-19T17:08:03","modified_gmt":"2021-03-19T16:08:03","slug":"zurich-ameron-bellerive-au-lac-eroffnet-im-mai","status":"publish","type":"post","link":"https:\/\/develop.immobilienbusiness.ch\/it\/ib\/2021-03-19\/zurich-ameron-bellerive-au-lac-eroffnet-im-mai\/","title":{"rendered":"Z\u00fcrich: \u00abAmeron Bellerive au Lac\u00bb er\u00f6ffnet im Mai"},"content":{"rendered":"<p><span><span><span>Ameron, die Lifestyle-Marke der renommierten K\u00f6lner Althoff Hotels f\u00fchrt in der Schweiz bereits das Ameron Swiss Mountain Hotel in Davos-Platz und das Ameron Luzern Hotel Flora in Luzern. Die Althoff Gruppe hatte das zuvor von der Steigenberger-Gruppe gef\u00fchrte Haus an der Uferpromenade des Z\u00fcrichsees 2019 als Betreiber \u00fcbernommen; das Geb\u00e4ude befindet sich im Immobilienportfolio der Moyreal Immobilien AG, als Asset-Manager fungiert die UTO Real Estate Management AG.<\/span><\/span><\/span><\/p>\n<p><span><span><span>In den vergangenen beiden Jahren wurde das traditionsreiche Hotel einem umfassenden Facelifting unterzogen und geht nun mit 61 Zimmern und Suiten, vielf\u00e4ltigen Tagungsr\u00e4umlichkeiten und dem Restaurant \u00abStudio Bellerive\u00bb als drittes Ameron-Hotel der Schweiz an den Start. Bei der Realisierung der Umbaumassnahmen waren die Firmen\u00a0Monoplan (Architektur, Interior Design), MMK (Bauherrenvertretung) sowie Edelwerk (Bauleitung) verantwortlich t\u00e4tig.\u00a0<\/span><\/span><\/span><\/p>","protected":false},"excerpt":{"rendered":"<p><span><span>Nach umfassenden Renovationsarbeiten wird das Hotel Bellerive au Lac in Z\u00fcrich am 1. Mai wiederer\u00f6ffnet \u2013 als Hotel \u00abAmeron Bellerive Z\u00fcrich\u00bb.<\/span><\/span><\/p>","protected":false},"author":24,"featured_media":0,"comment_status":"closed","ping_status":"closed","sticky":false,"template":"","format":"standard","meta":{"_acf_changed":false,"footnotes":""},"categories":[5],"tags":[3,9],"class_list":["post-1631","post","type-post","status-publish","format-standard","hentry","category-ib","tag-fertigstellung","tag-hotels"],"acf":[],"_links":{"self":[{"href":"https:\/\/develop.immobilienbusiness.ch\/it\/wp-json\/wp\/v2\/posts\/1631","targetHints":{"allow":["GET"]}}],"collection":[{"href":"https:\/\/develop.immobilienbusiness.ch\/it\/wp-json\/wp\/v2\/posts"}],"about":[{"href":"https:\/\/develop.immobilienbusiness.ch\/it\/wp-json\/wp\/v2\/types\/post"}],"author":[{"embeddable":true,"href":"https:\/\/develop.immobilienbusiness.ch\/it\/wp-json\/wp\/v2\/users\/24"}],"replies":[{"embeddable":true,"href":"https:\/\/develop.immobilienbusiness.ch\/it\/wp-json\/wp\/v2\/comments?post=1631"}],"version-history":[{"count":0,"href":"https:\/\/develop.immobilienbusiness.ch\/it\/wp-json\/wp\/v2\/posts\/1631\/revisions"}],"wp:attachment":[{"href":"https:\/\/develop.immobilienbusiness.ch\/it\/wp-json\/wp\/v2\/media?parent=1631"}],"wp:term":[{"taxonomy":"category","embeddable":true,"href":"https:\/\/develop.immobilienbusiness.ch\/it\/wp-json\/wp\/v2\/categories?post=1631"},{"taxonomy":"post_tag","embeddable":true,"href":"https:\/\/develop.immobilienbusiness.ch\/it\/wp-json\/wp\/v2\/tags?post=1631"}],"curies":[{"name":"wp","href":"https:\/\/api.w.org\/{rel}","templated":true}]}}