{"id":1606,"date":"2021-04-07T17:44:28","date_gmt":"2021-04-07T15:44:28","guid":{"rendered":"https:\/\/develop.immobilienbusiness.ch\/de\/allgemein\/2021-04-07\/munchenbuchsee-baustart-fur-projekt-strahmmatte\/"},"modified":"2021-04-07T17:44:28","modified_gmt":"2021-04-07T15:44:28","slug":"munchenbuchsee-baustart-fur-projekt-strahmmatte","status":"publish","type":"post","link":"https:\/\/develop.immobilienbusiness.ch\/it\/ib\/2021-04-07\/munchenbuchsee-baustart-fur-projekt-strahmmatte\/","title":{"rendered":"M\u00fcnchenbuchsee: Baustart f\u00fcr Projekt Strahmmatte"},"content":{"rendered":"<p><span><span>Im Rahmen des Bonainvest-Projekts Strahmmatte entstehen am Sch\u00f6neggweg in M\u00fcnchenbuchsee in den kommenden drei Jahren insgesamt 116 neue Wohnungen. Geplant sind zwei mehrfach gegliederte H\u00e4userzeilen mit 22 Eigentums- sowie 94 Mietwohnungen (Studio bis 5,5 Zimmer) nach dem Smart-Living-Konzept der Bonainvest-Tochterunternehmung Bonacasa. Ein Gemeinschaftsraum f\u00fcr die Bewohner der \u00dcberbauung, eine Gewerbefl\u00e4che und eine Einstellhalle mit 94 Parkpl\u00e4tzen sollen das Bauprojekt komplettieren, welches Anfang April gestartet wurde \u2013\u00a0und damit nur vier Monate nach dem Spatenstich des Schwesterprojekts Strahmhof. <\/span><\/span><\/p>\n<p><span><span>Das Smart-Living-Konzept von Bonacasa, einer Tochterfirma der Bonainvest AG, beinhaltet eine schwellenfreie Bauweise, integrierte 24\/7-Sicherheit und ein breites Dienstleistungsangebot (u.a. Wohnungsreinigung, W\u00e4scheservice, Ferienabwesenheits-Service). Die Dienste werden bei Bonacasa per Telefon oder per App bestellt; eine Concierge von Bonacasa steht in der Liegenschaft stundenweise als Ansprechperson f\u00fcr die Bewohner bereit. F\u00fcr die Gestaltung der Strahmmatte zeichnet, wie auch beim Schwesterprojekt Strahmhof, das B\u00fcro Bauart Architekten und Planer AG aus Bern verantwortlich. Die W\u00e4rme f\u00fcr Heizung und Brauchwasser wird wie beim Schwesterprojekt Strahmhof durch den Anschluss an den neuen W\u00e4rmeverbund der Gemeinde realisiert.<\/span><\/span><span><span> Die bestehende Gemeinschaftspraxis \u00abDie Haus\u00e4rztinnen M\u00fcnchenbuchsee AG\u00bb wird im Oktober 2022 ihren Standort von der Oberdorfstrasse 35 in die gegen\u00fcber der Strahmmatte liegende \u00dcberbauung Strahmhof verlegen.<\/span><\/span><\/p>","protected":false},"excerpt":{"rendered":"<p><span><span>Am Mittwoch, 7. April 2021, fiel in der Gemeinde M\u00fcnchenbuchsee (BE) in zentrumsnaher Lage der offizielle Startschuss f\u00fcr die \u00dcberbauung Strahmmatte, ein Projekt der Bonainvest AG. <\/span><\/span><\/p>","protected":false},"author":24,"featured_media":0,"comment_status":"closed","ping_status":"closed","sticky":false,"template":"","format":"standard","meta":{"_acf_changed":false,"footnotes":""},"categories":[5],"tags":[25,19,4,14],"class_list":["post-1606","post","type-post","status-publish","format-standard","hentry","category-ib","tag-be","tag-in-bau","tag-mehrfamilienhaus-miete","tag-mfh-stockwerkeigentum"],"acf":[],"_links":{"self":[{"href":"https:\/\/develop.immobilienbusiness.ch\/it\/wp-json\/wp\/v2\/posts\/1606","targetHints":{"allow":["GET"]}}],"collection":[{"href":"https:\/\/develop.immobilienbusiness.ch\/it\/wp-json\/wp\/v2\/posts"}],"about":[{"href":"https:\/\/develop.immobilienbusiness.ch\/it\/wp-json\/wp\/v2\/types\/post"}],"author":[{"embeddable":true,"href":"https:\/\/develop.immobilienbusiness.ch\/it\/wp-json\/wp\/v2\/users\/24"}],"replies":[{"embeddable":true,"href":"https:\/\/develop.immobilienbusiness.ch\/it\/wp-json\/wp\/v2\/comments?post=1606"}],"version-history":[{"count":0,"href":"https:\/\/develop.immobilienbusiness.ch\/it\/wp-json\/wp\/v2\/posts\/1606\/revisions"}],"wp:attachment":[{"href":"https:\/\/develop.immobilienbusiness.ch\/it\/wp-json\/wp\/v2\/media?parent=1606"}],"wp:term":[{"taxonomy":"category","embeddable":true,"href":"https:\/\/develop.immobilienbusiness.ch\/it\/wp-json\/wp\/v2\/categories?post=1606"},{"taxonomy":"post_tag","embeddable":true,"href":"https:\/\/develop.immobilienbusiness.ch\/it\/wp-json\/wp\/v2\/tags?post=1606"}],"curies":[{"name":"wp","href":"https:\/\/api.w.org\/{rel}","templated":true}]}}