{"id":1543,"date":"2021-03-24T08:50:52","date_gmt":"2021-03-24T07:50:52","guid":{"rendered":"https:\/\/develop.immobilienbusiness.ch\/de\/allgemein\/2021-03-24\/investis-riccardo-boscardin-zieht-sich-aus-vr-zuruck\/"},"modified":"2021-03-24T08:50:52","modified_gmt":"2021-03-24T07:50:52","slug":"investis-riccardo-boscardin-zieht-sich-aus-vr-zuruck","status":"publish","type":"post","link":"https:\/\/develop.immobilienbusiness.ch\/it\/ib\/2021-03-24\/investis-riccardo-boscardin-zieht-sich-aus-vr-zuruck\/","title":{"rendered":"Investis: Riccardo Boscardin zieht sich aus VR zur\u00fcck"},"content":{"rendered":"<p><span><span><span>Der Verwaltungsrat der Investis Holding werde an der Generalversammlung am 27. April 2021 Christian Gellerstad als neues nicht exekutives Verwaltungsratsmitglied vorschlagen, teilt das Unternehmen mit. Die Nomination erfolge im Rahmen der Nachfolgeregelung f\u00fcr den zum gleichen Zeitpunkt nach f\u00fcnf Jahren aus dem Verwaltungsrat ausscheidenden Riccardo Boscardin. Er hatte den Verwaltungsrat informiert, dass er f\u00fcr eine Wiederwahl nicht mehr zur Verf\u00fcgung stehe. Zugleich werde der Generalversammlung Thomas Vettiger als neuer Verwaltungsratspr\u00e4sident vorgeschlagen.<\/span><\/span><\/span><\/p>\n<p><span><span><span>Boscardin war seit 2016 Pr\u00e4sident des Verwaltungsrates, er hat Investis in einer Phase des starken organischen Wachstums \u2013 inklusive B\u00f6rsengang \u2013 begleitet. Er \u00fcbergebe die Leitung zu einem Zeitpunkt, an dem Investis sehr solide aufgestellt sei und \u00fcber vielversprechende Perspektiven verf\u00fcge, so das Unternehmen.<\/span><\/span><\/span><\/p>\n<p><span><span><span>Das neu zu w\u00e4hlende VR-Mitglied Christian Gellerstad ist als unabh\u00e4ngiger Verwaltungsrat t\u00e4tig. Der 52-J\u00e4hrige ist diplomierter Betriebs- und Volkswirt (HSG St. Gallen); er gilt als Experte in der Finanzdienstleistungsbranche und verf\u00fcgt laut Investis \u00fcber ein profundes Wissen im Bereich der Digitalisierung. Gellerstad war \u00fcber 20 Jahre lang in verschiedenen leitenden Funktionen bei der Banque Pictet im In- und Ausland t\u00e4tig. Seit 2019 ist er u.a. nicht-exekutives Verwaltungsratsmitglied der Credit Suisse. <\/span><\/span><\/span><\/p>\n<p>\u00a0<\/p>","protected":false},"excerpt":{"rendered":"<p><span><span><span>Riccardo Boscardin, seit 2016 Verwaltungsratspr\u00e4sident der Investis Holding, steht f\u00fcr eine Wiederwahl nicht mehr zur Verf\u00fcgung. An der Generalversammlung 2021 sollen daher Thomas Vettiger zum neuen VR-Pr\u00e4sidenten und Christian Gellerstad als neues VR-Mitglied gew\u00e4hlt werden. <\/span><\/span><\/span><\/p>","protected":false},"author":23,"featured_media":0,"comment_status":"closed","ping_status":"closed","sticky":false,"template":"","format":"standard","meta":{"_acf_changed":false,"footnotes":""},"categories":[5],"tags":[36,74],"class_list":["post-1543","post","type-post","status-publish","format-standard","hentry","category-ib","tag-immobilien-ag","tag-personalia"],"acf":[],"_links":{"self":[{"href":"https:\/\/develop.immobilienbusiness.ch\/it\/wp-json\/wp\/v2\/posts\/1543","targetHints":{"allow":["GET"]}}],"collection":[{"href":"https:\/\/develop.immobilienbusiness.ch\/it\/wp-json\/wp\/v2\/posts"}],"about":[{"href":"https:\/\/develop.immobilienbusiness.ch\/it\/wp-json\/wp\/v2\/types\/post"}],"author":[{"embeddable":true,"href":"https:\/\/develop.immobilienbusiness.ch\/it\/wp-json\/wp\/v2\/users\/23"}],"replies":[{"embeddable":true,"href":"https:\/\/develop.immobilienbusiness.ch\/it\/wp-json\/wp\/v2\/comments?post=1543"}],"version-history":[{"count":0,"href":"https:\/\/develop.immobilienbusiness.ch\/it\/wp-json\/wp\/v2\/posts\/1543\/revisions"}],"wp:attachment":[{"href":"https:\/\/develop.immobilienbusiness.ch\/it\/wp-json\/wp\/v2\/media?parent=1543"}],"wp:term":[{"taxonomy":"category","embeddable":true,"href":"https:\/\/develop.immobilienbusiness.ch\/it\/wp-json\/wp\/v2\/categories?post=1543"},{"taxonomy":"post_tag","embeddable":true,"href":"https:\/\/develop.immobilienbusiness.ch\/it\/wp-json\/wp\/v2\/tags?post=1543"}],"curies":[{"name":"wp","href":"https:\/\/api.w.org\/{rel}","templated":true}]}}