{"id":153,"date":"2020-04-15T12:46:39","date_gmt":"2020-04-15T10:46:39","guid":{"rendered":"https:\/\/develop.immobilienbusiness.ch\/de\/allgemein\/2020-04-15\/aargau-kanton-fordert-energetische-sanierungen\/"},"modified":"2020-04-15T12:46:39","modified_gmt":"2020-04-15T10:46:39","slug":"aargau-kanton-fordert-energetische-sanierungen","status":"publish","type":"post","link":"https:\/\/develop.immobilienbusiness.ch\/it\/ib\/2020-04-15\/aargau-kanton-fordert-energetische-sanierungen\/","title":{"rendered":"Aargau: Kanton f\u00f6rdert energetische Sanierungen"},"content":{"rendered":"<p>Mit einem Verpflichtungskredit in H\u00f6he von 75,42 Millionen CHF f\u00fcr das \u00abF\u00f6rderprogramm Energie 2021\u20132024\u00bb will der Kanton Aargau\u00a0Massnahmen unterst\u00fctzen, die zur Reduktion des CO2-Ausstosses und zur Effizienzsteigerung beitrage. Der Grosse Rat hat den Mitteln bereits zugestimmt, die \u00f6ffentliche Anh\u00f6rung dauert noch bis am 26. Juni 2020.<\/p>\n<p>Mit dem F\u00f6rderprogramm Energie 2021\u20132024 sollen Massnahmen an der Geb\u00e4udeh\u00fclle, Holzheizungen, solarthermischen Anlagen und W\u00e4rmepumpen gef\u00f6rdert werden. Neu stehen auch Mittel f\u00fcr Pilotanlagen zur Verf\u00fcgung.<\/p>\n<p>Der Kanton geht davon aus, das mit den F\u00f6rderungen zwischen 375 und 750 Millionen CHF an Investitionen in der Privatwirtschaft ausgel\u00f6st werden. Die CO2-Emissionen k\u00f6nnten um \u00fcber 440.000 Tonnen reduziert und zugleich die Abh\u00e4ngigkeit von Importen von fossilen Energietr\u00e4gern f\u00fcr den Geb\u00e4udebereich gesenkt werden.<\/p>","protected":false},"excerpt":{"rendered":"<p>Mit rund 75 Millionen CHF will der Kanton Aargau energetische Geb\u00e4udesanierungen unterst\u00fctzen, um den CO2-Austoss reduzieren und die Versorgungssicherheit erh\u00f6hen.<\/p>","protected":false},"author":23,"featured_media":0,"comment_status":"closed","ping_status":"closed","sticky":false,"template":"","format":"standard","meta":{"_acf_changed":false,"footnotes":""},"categories":[5],"tags":[6],"class_list":["post-153","post","type-post","status-publish","format-standard","hentry","category-ib","tag-ag"],"acf":[],"_links":{"self":[{"href":"https:\/\/develop.immobilienbusiness.ch\/it\/wp-json\/wp\/v2\/posts\/153","targetHints":{"allow":["GET"]}}],"collection":[{"href":"https:\/\/develop.immobilienbusiness.ch\/it\/wp-json\/wp\/v2\/posts"}],"about":[{"href":"https:\/\/develop.immobilienbusiness.ch\/it\/wp-json\/wp\/v2\/types\/post"}],"author":[{"embeddable":true,"href":"https:\/\/develop.immobilienbusiness.ch\/it\/wp-json\/wp\/v2\/users\/23"}],"replies":[{"embeddable":true,"href":"https:\/\/develop.immobilienbusiness.ch\/it\/wp-json\/wp\/v2\/comments?post=153"}],"version-history":[{"count":0,"href":"https:\/\/develop.immobilienbusiness.ch\/it\/wp-json\/wp\/v2\/posts\/153\/revisions"}],"wp:attachment":[{"href":"https:\/\/develop.immobilienbusiness.ch\/it\/wp-json\/wp\/v2\/media?parent=153"}],"wp:term":[{"taxonomy":"category","embeddable":true,"href":"https:\/\/develop.immobilienbusiness.ch\/it\/wp-json\/wp\/v2\/categories?post=153"},{"taxonomy":"post_tag","embeddable":true,"href":"https:\/\/develop.immobilienbusiness.ch\/it\/wp-json\/wp\/v2\/tags?post=153"}],"curies":[{"name":"wp","href":"https:\/\/api.w.org\/{rel}","templated":true}]}}