{"id":1449,"date":"2021-03-08T06:28:38","date_gmt":"2021-03-08T05:28:38","guid":{"rendered":"https:\/\/develop.immobilienbusiness.ch\/de\/allgemein\/2021-03-08\/zurich-svit-zieht-in-die-greencity\/"},"modified":"2021-03-08T06:28:38","modified_gmt":"2021-03-08T05:28:38","slug":"zurich-svit-zieht-in-die-greencity","status":"publish","type":"post","link":"https:\/\/develop.immobilienbusiness.ch\/it\/ib\/2021-03-08\/zurich-svit-zieht-in-die-greencity\/","title":{"rendered":"Z\u00fcrich: SVIT zieht in die Greencity"},"content":{"rendered":"<p><span><span>Mit dem SVIT hat sich ein bekannter nationaler Branchenverband f\u00fcr das 2000-Watt-Quartier Greencity in Z\u00fcrich S\u00fcd entschieden. Wie der Verband mitteilt, wird er mit rund 20 Mitarbeitenden schrittweise bis im Herbst 2021 in das Geb\u00e4ude Pergamin I einziehen. Auch die SVIT School verlegt ihren bisherigen Sitz in Z\u00fcrich West nach Greencity und wird dort die j\u00e4hrlich etwa 200 Studierenden unterrichten. <\/span><\/span><\/p>\n<p><span><span>Den Angaben zufolge pr\u00fcfte der SVIT f\u00fcr den neuen Standort verschiedene M\u00f6glichkeiten im Metropolitanraum Z\u00fcrich. \u00abWir haben eine Nutzwertanalyse mit rund zehn Kriterien gemacht \u2013 und Greencity lag auf Platz 1\u00bb, berichtet SVIT-CEO Marcel Hug. Eines der Kriterien sei die Erreichbarkeit f\u00fcr Studierende und Mitarbeitende gewesen, ein anderes die insbesondere f\u00fcr die SVIT School wichtige Flexibilit\u00e4t der Fl\u00e4chen; auch der Mietpreis habe eine Rolle gespielt. Hug sieht die Wahl von Greencity zudem als Signal, \u00abdass wir unsere Branche motivieren wollen, in Richtung Nachhaltigkeit zu investieren \u2013 und Greencity ist als erstes zertifiziertes \u20182000-Watt-Areal\u2019 der Schweiz daf\u00fcr ein Leuchtturmprojekt\u00bb.<\/span><\/span><\/p>","protected":false},"excerpt":{"rendered":"<p><span><span>Der SVIT hat einen neuen Standort: Bis im Herbst 2021 will der Schweizerische Verband der Immobilienwirtschaft mit rund 20 Mitarbeitenden in die Z\u00fcrcher Greencity umziehen.<\/span><\/span><\/p>","protected":false},"author":24,"featured_media":0,"comment_status":"closed","ping_status":"closed","sticky":false,"template":"","format":"standard","meta":{"_acf_changed":false,"footnotes":""},"categories":[5],"tags":[7,40,42],"class_list":["post-1449","post","type-post","status-publish","format-standard","hentry","category-ib","tag-buro","tag-vermietung","tag-zh"],"acf":[],"_links":{"self":[{"href":"https:\/\/develop.immobilienbusiness.ch\/it\/wp-json\/wp\/v2\/posts\/1449","targetHints":{"allow":["GET"]}}],"collection":[{"href":"https:\/\/develop.immobilienbusiness.ch\/it\/wp-json\/wp\/v2\/posts"}],"about":[{"href":"https:\/\/develop.immobilienbusiness.ch\/it\/wp-json\/wp\/v2\/types\/post"}],"author":[{"embeddable":true,"href":"https:\/\/develop.immobilienbusiness.ch\/it\/wp-json\/wp\/v2\/users\/24"}],"replies":[{"embeddable":true,"href":"https:\/\/develop.immobilienbusiness.ch\/it\/wp-json\/wp\/v2\/comments?post=1449"}],"version-history":[{"count":0,"href":"https:\/\/develop.immobilienbusiness.ch\/it\/wp-json\/wp\/v2\/posts\/1449\/revisions"}],"wp:attachment":[{"href":"https:\/\/develop.immobilienbusiness.ch\/it\/wp-json\/wp\/v2\/media?parent=1449"}],"wp:term":[{"taxonomy":"category","embeddable":true,"href":"https:\/\/develop.immobilienbusiness.ch\/it\/wp-json\/wp\/v2\/categories?post=1449"},{"taxonomy":"post_tag","embeddable":true,"href":"https:\/\/develop.immobilienbusiness.ch\/it\/wp-json\/wp\/v2\/tags?post=1449"}],"curies":[{"name":"wp","href":"https:\/\/api.w.org\/{rel}","templated":true}]}}